{"id":2468,"date":"2017-04-09T14:11:09","date_gmt":"2017-04-09T12:11:09","guid":{"rendered":"https:\/\/firearms-united.com\/?p=2468"},"modified":"2017-04-11T00:42:58","modified_gmt":"2017-04-10T22:42:58","slug":"swedish-vehicle-attack-wasnt-question","status":"publish","type":"post","link":"https:\/\/www.firearms-united.com\/cz\/swedish-vehicle-attack-wasnt-question\/","title":{"rendered":"#Swedish vehicle attack: It wasn\u2019t a question of if but when.."},"content":{"rendered":"<p class=\"qtranxs-available-languages-message qtranxs-available-languages-message-cz\">Je n\u00e1m l\u00edto, tato polo\u017eka je k dispozici pouze v  <a href=\"https:\/\/www.firearms-united.com\/en\/wp-json\/wp\/v2\/posts\/2468\" class=\"qtranxs-available-language-link qtranxs-available-language-link-en\" title=\"English\">English<\/a> and <a href=\"https:\/\/www.firearms-united.com\/it\/wp-json\/wp\/v2\/posts\/2468\" class=\"qtranxs-available-language-link qtranxs-available-language-link-it\" title=\"Italiano\">Italiano<\/a> For the sake of viewer convenience, the content is shown below in this site default language. You may click one of the links to switch the site language to another available language.<\/p><h2 class=\"entry-title\"><strong>Yesterdays tragedy in Stockholm was a surreal awakening that the Sweden of old is since long gone. As such this attack upon Swedish society was just a question about when and not if?<\/strong><\/h2>\n<div class=\"entry-content\">\n<p>Sweden has before been the target for Islamic terrorism, the Christmas of 2010 when the islamic militant Taimour Abdulwahab from Tran\u00e5s, who had become radicalized in Luton, that is infamous as a holdout for islamic radicals, blew himself up in central Stockholm in the midst of people doing their Christmas shopping. However\u00a0Abdulwahab only succeded in killing himself and perhaps due the lack of other killed Sweden continued it\u2019s\u00a0apologetic stance towards radical interpretations of Islam. The fear of being labeled as islamophobic and racist is very much a reality in Swedish public life.<\/p>\n<p><!--more--><\/p>\n<p>Yesterdays terrorist didn\u2019t use means that require special skills or connections on the black market, he used a stolen ordinary heavy truck, just like the terrorist in Nice did. (It was later found that the truck also contained an explosive devise that luckily did not detonate however.) Once again this clearly shows that symbol politics with easy fixes can\u2019t deal with the hatred that politically and religiously motivated terrorist unleash against our open society.<\/p>\n<p>Ironically the Moderate Party the same day as death came to the streets of Stockholm, in form of a stolen truck, gave the Socialist Government <strong>green light to vote yes to the EU\u2019s Firearms Directive<\/strong>. All other liberal and conservative parties opposed this. Seemingly good relations with Brussels are more important than standing up for the ideals of individual freedoms and civil rights. Hence the Moderates teamed up with socialists and greens.<\/p>\n<h3>Protection<\/h3>\n<p>But how can you protect society against individuals who in the name of religion are willing to steal trucks and mow down innocent civilians along a walk street with the intention of killing as many as possible?<\/p>\n<p>The answer is that you can\u2019t, and definently not through pointless symbol politics aimed only against law abiding citizens. The greatest chances to combat terrorism is through intelligence, improved border control, social efforts in areas that suffers the greatest risk of domestic radicalization and a review of the legal system how we define subversive activities.<\/p>\n<h3>Debate needed<\/h3>\n<p>Swedish society must have a debate where the boundry lies between freedom of religion and free speech and views when it comes to things like for instance salafist mission activities. What constitutes\u00a0subversive activities? To put yourself in the service of a terror organization, to recruit and finance such activities must be definied as terrorism. Subversive activities and organization of illegal militia are illegal in Sweden and yet a monumental\u00a0leniency has been showed towards such activities. Two men that where recruiting for ISIS and\u00a0financing the organization were recently only charged for fraud, not terrorism, here in Sweden since the legislation of freedom of organization was deemed as more important.<\/p>\n<p><a href=\"http:\/\/www.na.se\/blaljus\/terrormisstankta-mannen-fran-vivalla-ska-atalas-for-bedrageri-det-ar-ett-misslyckande\">http:\/\/www.na.se\/blaljus\/terrormisstankta-mannen-fran-vivalla-ska-atalas-for-bedrageri-det-ar-ett-misslyckande<\/a><\/p>\n<p>This debate must in the light of the tragedy in Stockholm be held and it will not be an easy one in a political climate in which every form of\u00a0criticism related to Islam has been labeled as <em>\u201cfishing in murky waters\u201d.\u00a0<\/em>The political paradigme in Sweden must change if not more innocent people are going to die in streets due to acts of terrorism.<\/p>\n<p><strong>This article was first published on the blog\u00a0<a title=\"blickovernejden\" href=\"https:\/\/blickovernejden.wordpress.com\/\" rel=\"home\">blickovernejden<\/a><\/strong><\/p>\n<\/div>\n<p>&nbsp;","protected":false},"excerpt":{"rendered":"<p>Je n\u00e1m l\u00edto, tato polo\u017eka je k dispozici pouze v English For the sake of viewer convenience, the content is shown below in the alternative language. You may click the link to switch the active language.Yesterdays tragedy in Stockholm was a surreal awakening that the Sweden of old is since long gone. As such this attack upon Swedish society was &#8230; <a href=\"https:\/\/www.firearms-united.com\/cz\/swedish-vehicle-attack-wasnt-question\/\" class=\"more-link\">Read More<\/a><\/p>\n","protected":false},"author":5,"featured_media":2469,"comment_status":"open","ping_status":"open","sticky":false,"template":"","format":"standard","meta":{"sfsi_plus_gutenberg_text_before_share":"","sfsi_plus_gutenberg_show_text_before_share":"","sfsi_plus_gutenberg_icon_type":"","sfsi_plus_gutenberg_icon_alignemt":"","sfsi_plus_gutenburg_max_per_row":""},"categories":[9],"tags":[76,116],"_links":{"self":[{"href":"https:\/\/www.firearms-united.com\/cz\/wp-json\/wp\/v2\/posts\/2468"}],"collection":[{"href":"https:\/\/www.firearms-united.com\/cz\/wp-json\/wp\/v2\/posts"}],"about":[{"href":"https:\/\/www.firearms-united.com\/cz\/wp-json\/wp\/v2\/types\/post"}],"author":[{"embeddable":true,"href":"https:\/\/www.firearms-united.com\/cz\/wp-json\/wp\/v2\/users\/5"}],"replies":[{"embeddable":true,"href":"https:\/\/www.firearms-united.com\/cz\/wp-json\/wp\/v2\/comments?post=2468"}],"version-history":[{"count":6,"href":"https:\/\/www.firearms-united.com\/cz\/wp-json\/wp\/v2\/posts\/2468\/revisions"}],"predecessor-version":[{"id":2476,"href":"https:\/\/www.firearms-united.com\/cz\/wp-json\/wp\/v2\/posts\/2468\/revisions\/2476"}],"wp:featuredmedia":[{"embeddable":true,"href":"https:\/\/www.firearms-united.com\/cz\/wp-json\/wp\/v2\/media\/2469"}],"wp:attachment":[{"href":"https:\/\/www.firearms-united.com\/cz\/wp-json\/wp\/v2\/media?parent=2468"}],"wp:term":[{"taxonomy":"category","embeddable":true,"href":"https:\/\/www.firearms-united.com\/cz\/wp-json\/wp\/v2\/categories?post=2468"},{"taxonomy":"post_tag","embeddable":true,"href":"https:\/\/www.firearms-united.com\/cz\/wp-json\/wp\/v2\/tags?post=2468"}],"curies":[{"name":"wp","href":"https:\/\/api.w.org\/{rel}","templated":true}]}}