{"id":1868,"date":"2016-11-25T11:51:01","date_gmt":"2016-11-25T10:51:01","guid":{"rendered":"http:\/\/firearms-united.com\/?p=1868"},"modified":"2016-11-26T08:24:06","modified_gmt":"2016-11-26T07:24:06","slug":"write-call-meps-now","status":"publish","type":"post","link":"https:\/\/www.firearms-united.com\/de\/write-call-meps-now\/","title":{"rendered":"EU-KOMMISSION WILL #EUgunban MIT ALLER GEWALT DURCHSETZEN &#8211; SCHREIBT EUREN MdEPs"},"content":{"rendered":"<strong>Vielleicht liegt es an unseren <a href=\"http:\/\/firearms-united.com\/2016\/11\/19\/ia\/\" target=\"_blank\">Fakten<\/a>, die wir letzten Mittwoch pr\u00e4sentiert haben. Jedenfalls setzen Kommission UND die Innenministerien von FR, DE und IT die Parlamentarier unter Druck bis Ende des Jahres den Vorschlag anzunehmen.<\/strong><\/p>\n<p>Zeigt den Parlamentariern, dass WIR SIE unterst\u00fctzen, wenn sie dem Druck nicht nachgeben.<\/p>\n<p>Obwohl die Europ\u00e4ische Kommission nach wie vor keine Fakten vorbringen konnte, die Ihr Vorhaben untermauern, setzt sie nun DIE IM GEGENSATZ ZU IHR DEMOKRATISCH GEW\u00c4HLTEN ABGEORDNETEN DES European Parliament unter Druck, um den <span class=\"_5afx\"><span class=\"_58cm\">EUgunban<\/span><\/span> nach den Vorstellungen der Kommission durchzuwinken.<\/p>\n<div class=\"text_exposed_show\">\n<p>INFOMATERIAL &amp; ADDRESSEN: <a href=\"http:\/\/bit.ly\/MEPmails\" target=\"_blank\" rel=\"nofollow\">http:\/\/bit.ly\/MEPmails<\/a><\/p>\n<p>Unter oben genanntem Link haben wir f\u00fcr Euch wieder eine <a href=\"http:\/\/firearms-united.com\/wp-content\/uploads\/2016\/11\/AT-DE_Argumente_Nov2016.pdf\">ARGUMENTATIONSHILFE <\/a>&amp; EINE SERIENBRIEFVORLAGE mit allen Anschriften \/ Emails s\u00e4mtlicher EU-Parlamentsabgeordneter vorbereitet.<\/p>\n<h2><strong>ARGUMENTATIONSHILFE<\/strong><\/h2>\n<h3><strong>1. Umbau von Feuerwaffen (voll- zu halbautomatisch) \/ Reaktivierung<\/strong><\/h3>\n<p>Die bereits BESTEHENDEN STANDARDS stellen sicher, dass es keinen einfachen Weg gibt, Waffen, welche von vollautomatischen zu halbautomatischen konvertiert wurden, zur\u00fcckzubauen. Nach ALAIN ALEXIS (EU-KOMMISSION) \u201ekommt die Mehrheit der konvertierten halbautomatischen Gewehre aus israelischen Armeebest\u00e4nden\u201c \u2013 also warum H\u00d6RT MAN DANN NICHT AUF DAMIT, DIESE ZU IMPORTIEREN?<\/p>\n<h3><strong>2. \u00c4nderung der Feuerwaffenkategorie, basierend auf dem Magazin, welches in der Waffe steckt<\/strong><\/h3>\n<p>Das ist vollkommen absurd \u2013 ungef\u00e4hr so, als m\u00fcsste man jedes Mal seine PKW-Registrierung \u00e4ndern, wenn man von SOMMER- ZU WINTERREIFEN wechselt. Die vorgeschlagenen \u00c4nderungen f\u00fcr Sportsch\u00fctzinnen und Sportsch\u00fctzen und Sammlerinnen und Sammler sind sogar noch sinnloser wenn man bedenkt, dass die GROSSE MEHRHEIT DER BESITZERINNEN UND BESITZER legaler Feuerwaffen zu einer dieser beiden Kategorien geh\u00f6rt. Warum sollte man ein Gesetz verabschieden, das f\u00fcr 95% der Betroffenen Ausnahmen vorsieht?<\/p>\n<h3><strong>\u00a03.\u00a0<\/strong><strong>Beschr\u00e4nkung der Magazinkapazit\u00e4t<\/strong><\/h3>\n<p>Die ANZAHL DER AKTUELL IM UMLAUF BEFINDLICHEN Magazine ist vollkommen unbekannt, da sie nie in einer Form markiert oder registriert wurden (was aufgrund ihrer Beschaffenheit auch in Zukunft nicht m\u00f6glich ist). Was sollten au\u00dferdem die Standards sein? Was passiert, wenn ein Magazin aufgrund einer defekten Feder pl\u00f6tzlich 21 statt 20 Patronen fasst? Vollkommen absurd sind auch die von der EU-Kommission vorgesehenen DRAKNOISCHEN STRAFEN, wonach Waffenbesitzerinnen und Waffenbesitzern die FEUERWAFEFNLIZENZ ENTZOGEN WERDEN SOLL, wenn sie\/er ein 30-Schuss Magazin besitzt.<\/p>\n<p>Au\u00dferdem: Magazine sind KEINE VERBRAUCHSGEGENST\u00c4NDE und k\u00f6nnen unendlich oft wiederbef\u00fcllt, und auch leicht mithilfe eines 3D Druckers selber gebaut werden.<\/p>\n<h3><strong>4. Verpflichtende (wiederholte) medizinische \/ psychologische Tests f\u00fcr legale Waffenbesitzer und -besitzerinnen<\/strong><\/h3>\n<p>Es gibt KEINERLEI RATIONALEN GRUND solche medizinischen \/ psychologischen Tests f\u00fcr gesetzestreue Waffenbesitzerinnen und \u2013besitzer vorzuschreiben \u2013 sondern stellt eine TIEFGREIFENDE STAATLICHE DISKRIMINIERUNG dar. Abgesehen davon wurden auch nach den Massakern von Nizza oder den Angriffen in Deutschland keine zwingenden medizinischen \/ psychologischen Tests f\u00fcr LKW-Fahrerinnen und -fahrer oder Besitzerinnen \/ Besitzer von \u00c4xten bzw. Macheten gefordert.<\/p>\n<h3><strong>\u00a05.\u00a0<\/strong><strong>Schweizer Ausstieg (\u201cSwixit\u201d) aus dem Schengenraum<\/strong><\/h3>\n<p>Die Schweiz (das Land mit der h\u00f6chsten Feuerwaffendichte in Europa, mit ZUMINDEST EINEM (vollautomatischen) STURMGEWEHR PRO FAMILIE) hat bereits unmissverst\u00e4ndlich klar gemacht, dass sie KEINE WEITEREN BESCHR\u00c4NKUNGEN AKZEPTIEREN w\u00fcrde. Im Falle der Durchsetzung der Firearms Directive w\u00fcrde dort ein Referendum zum Ausstieg aus dem Schengen-Raum abgehalten werden, um von den Kommissions-Ideen nicht l\u00e4nger betroffen zu sein. Zus\u00e4tzlich hat die Schweiz \u00fcbrigens EINE DER NIEDRIGSTEN MORDRATEN IN GANZ EUROPA.<\/p>\n<h3>6.\u00a0<strong>Das verzerrte Weltbild der EU-Kommission und zuk\u00fcnftiges Wahlverhalten<\/strong><\/h3>\n<p>Die Kommission hat NICHT EIN EINZIGES MAL EINEN ZUSAMMENHANG zwischen legalem Waffenbesitz und Kriminalit\u00e4t \/ Terrorismus belegen k\u00f6nnen. EINFACH DESHALB WEIL DIESER NICHT EXISTIERT! Die meisten illegalen, vollautomatischen, Waffen werden aus dem Balkan in die EU geschmuggelt, was schon ein franz\u00f6sischer TV-Sender vor einigen Jahren belegte.<\/p>\n<p>Die W\u00e4hler werden sich GENAU DARAN ERINNERN, WER IHRE RECHTE VERTEIDIGT HAT, wenn sie das n\u00e4chste Mal in der Wahlzelle stehen. Sollte diese Richtlinie verabschiedet werden, k\u00f6nnten sich viele W\u00e4hler AUS FRUST DEN ANTI-EU-PARTEIEN zuwenden \u2013 es k\u00f6nnte also eine Art europ\u00e4ischen TRUMP-EFFEKT geben!<\/p>\n<p><img decoding=\"async\" loading=\"lazy\" class=\"aligncenter size-full wp-image-1883\" src=\"http:\/\/firearms-united.com\/wp-content\/uploads\/2016\/11\/AT-DE-meme.jpg\" alt=\"at-de-meme\" width=\"1024\" height=\"672\" srcset=\"https:\/\/www.firearms-united.com\/wp-content\/uploads\/2016\/11\/AT-DE-meme.jpg 1024w, https:\/\/www.firearms-united.com\/wp-content\/uploads\/2016\/11\/AT-DE-meme-300x197.jpg 300w, https:\/\/www.firearms-united.com\/wp-content\/uploads\/2016\/11\/AT-DE-meme-768x504.jpg 768w, https:\/\/www.firearms-united.com\/wp-content\/uploads\/2016\/11\/AT-DE-meme-600x394.jpg 600w, https:\/\/www.firearms-united.com\/wp-content\/uploads\/2016\/11\/AT-DE-meme-624x410.jpg 624w\" sizes=\"(max-width: 1024px) 100vw, 1024px\" \/><\/p>\n<p style=\"text-align: center;\"><strong>BITTE SCHREIBT IHNEN NOCH HEUTE, ES GEHT UM EURE RECHTE!<\/strong><\/p>\n<p style=\"text-align: center;\">Emailadressen der MdEPs: <a href=\"http:\/\/firearms-united.com\/wp-content\/uploads\/2016\/11\/MEP_E-Mails.xlsx\"><strong>Link (xls)<\/strong><\/a><\/p>\n<\/div>","protected":false},"excerpt":{"rendered":"<p>Leider ist der Eintrag nur auf Amerikanisches Englisch verf\u00fcgbar. Der Inhalt wird unten in einer verf\u00fcgbaren Sprache angezeigt. Klicken Sie auf den Link, um die aktuelle Sprache zu \u00e4ndern.PLEASE SHARE AND ACT:\u00a0EU COMMISSION WILL ENABLE ORIGINAL EUGUNBAN PROPOSAL Perhaps it is due to our facts which we presented last Wednesday in Brussels and which were not spread by media at &#8230; <a href=\"https:\/\/www.firearms-united.com\/de\/write-call-meps-now\/\" class=\"more-link\">Read More<\/a><\/p>\n","protected":false},"author":5,"featured_media":1870,"comment_status":"open","ping_status":"open","sticky":false,"template":"","format":"standard","meta":{"sfsi_plus_gutenberg_text_before_share":"","sfsi_plus_gutenberg_show_text_before_share":"","sfsi_plus_gutenberg_icon_type":"","sfsi_plus_gutenberg_icon_alignemt":"","sfsi_plus_gutenburg_max_per_row":""},"categories":[2],"tags":[120,40,71],"_links":{"self":[{"href":"https:\/\/www.firearms-united.com\/de\/wp-json\/wp\/v2\/posts\/1868"}],"collection":[{"href":"https:\/\/www.firearms-united.com\/de\/wp-json\/wp\/v2\/posts"}],"about":[{"href":"https:\/\/www.firearms-united.com\/de\/wp-json\/wp\/v2\/types\/post"}],"author":[{"embeddable":true,"href":"https:\/\/www.firearms-united.com\/de\/wp-json\/wp\/v2\/users\/5"}],"replies":[{"embeddable":true,"href":"https:\/\/www.firearms-united.com\/de\/wp-json\/wp\/v2\/comments?post=1868"}],"version-history":[{"count":13,"href":"https:\/\/www.firearms-united.com\/de\/wp-json\/wp\/v2\/posts\/1868\/revisions"}],"predecessor-version":[{"id":1894,"href":"https:\/\/www.firearms-united.com\/de\/wp-json\/wp\/v2\/posts\/1868\/revisions\/1894"}],"wp:featuredmedia":[{"embeddable":true,"href":"https:\/\/www.firearms-united.com\/de\/wp-json\/wp\/v2\/media\/1870"}],"wp:attachment":[{"href":"https:\/\/www.firearms-united.com\/de\/wp-json\/wp\/v2\/media?parent=1868"}],"wp:term":[{"taxonomy":"category","embeddable":true,"href":"https:\/\/www.firearms-united.com\/de\/wp-json\/wp\/v2\/categories?post=1868"},{"taxonomy":"post_tag","embeddable":true,"href":"https:\/\/www.firearms-united.com\/de\/wp-json\/wp\/v2\/tags?post=1868"}],"curies":[{"name":"wp","href":"https:\/\/api.w.org\/{rel}","templated":true}]}}