{"id":1895,"date":"2016-11-27T10:16:07","date_gmt":"2016-11-27T09:16:07","guid":{"rendered":"http:\/\/firearms-united.com\/?p=1895"},"modified":"2017-02-01T08:19:13","modified_gmt":"2017-02-01T07:19:13","slug":"eugunban-calltoaction","status":"publish","type":"post","link":"https:\/\/www.firearms-united.com\/de\/eugunban-calltoaction\/","title":{"rendered":"#EUgunban &#8211; Hintergrundinformationen f\u00fcr unseren &#8222;Call to Action!&#8220;"},"content":{"rendered":"<strong>Unsere neuen Medienpartner bei <a href=\"https:\/\/firearms-united.com\/2016\/11\/10\/gunsweek-com\/\" target=\"_blank\" rel=\"nofollow\">GUNSweek.com<\/a> haben einen extrem ausf\u00fchrlichen Artikel geschrieben, in dem Sie alles \u00fcber unseren neuen &#8222;Call to Action!&#8220;<br \/>\n<\/strong><a href=\"http:\/\/www.gunsweek.com\/en\/current\/articles\/eu-gun-ban-new-call-action-firearms-united\"><strong>Lesen, mitmachen und verbreiten!<\/strong><\/a><\/p>\n<h2>Reaktion der Kommission auf unsere Feuerwaffen Konferenz<\/h2>\n<p><img decoding=\"async\" loading=\"lazy\" class=\"alignright  wp-image-1925\" src=\"http:\/\/firearms-united.com\/wp-content\/uploads\/2016\/11\/Julian-King1.jpg\" alt=\"julian-king1\" width=\"286\" height=\"191\" srcset=\"https:\/\/www.firearms-united.com\/wp-content\/uploads\/2016\/11\/Julian-King1.jpg 650w, https:\/\/www.firearms-united.com\/wp-content\/uploads\/2016\/11\/Julian-King1-300x200.jpg 300w, https:\/\/www.firearms-united.com\/wp-content\/uploads\/2016\/11\/Julian-King1-600x401.jpg 600w, https:\/\/www.firearms-united.com\/wp-content\/uploads\/2016\/11\/Julian-King1-624x417.jpg 624w\" sizes=\"(max-width: 286px) 100vw, 286px\" \/>Am Tag unserer Konferenz hatte die Kommission <a href=\"http:\/\/www.gunsweek.com\/sites\/default\/files\/archive\/events\/articles\/firearms-united-conference-brussels\/COM.pdf\">eine offizielle Stellungnahme zu bestimmten Arten von Schusswaffen ver\u00f6ffentlicht<\/a>; und am 23. November sagte der neue <a href=\"http:\/\/ec.europa.eu\/commission\/2014-2019\/king_en\" target=\"_blank\">EU-Kommissar f\u00fcr die Sicherheitsunion, Julian King<\/a>, <a class=\"ext\" href=\"http:\/\/videos.assemblee-nationale.fr\/video.4448209_5835588b97322.commission-des-affaires-europeennes-et-commission-des-lois--julian-king-commissaire-europeen-pour--23-novembre-2016\" target=\"_blank\">in seiner Rede bei der franz\u00f6sischen <em>Assembl\u00e9e Nationale:<\/em><\/a><\/p>\n<blockquote><p>Wir h\u00e4ngen mit dem Text im Europ\u00e4ischen Parlament fest, der die Bedingungen regelt, zu denen die Zivilbev\u00f6lkerung Zugang zu den gef\u00e4hrlichen automatischen und halbautomatischen Schusswaffen erh\u00e4lt. Wir brauchen Ihre Hilfe, um Ihre Kollegen im Europ\u00e4ischen Parlament zu \u00fcberzeugen [diese zu verbieten].<\/p><\/blockquote>\n<h2>Druck von Kommission \/ Rat und Aktualisierungen zum Trilog<\/h2>\n<p>Am 24. November erhielt das Netzwerk von Firearms United mehrere als zuverl\u00e4ssig eingestufte Informationen, nach denen die Europ\u00e4ische Kommission einen noch nie dagewesenen Druck auf das Europ\u00e4ische Parlament aus\u00fcben w\u00fcrde, um den Trilog noch vor Ende des Jahres zu beenden. Das Parlament m\u00f6ge doch die Standpunkten des Rats annehmen.<\/p>\n<p>Angesichts der Tatsache, dass sich die meisten Mitgliedsstaaten bereits auf viele Punkte geeinigt haben &#8211; wobei die Regierungen Deutschlands, Frankreichs und Italiens zu den Hauptunterst\u00fctzern des sogenannten &#8222;EU Gun Ban&#8220; z\u00e4hlen &#8211; kann das Europ\u00e4ische Parlament tats\u00e4chlich zur Kapitulation gezwungen werden.<\/p>\n<p>Vicky Ford pr\u00e4sentiert ein Update des Trilogs beim <a href=\"http:\/\/www.gunsweek.com\/sites\/default\/files\/archive\/current\/articles\/firearms-united-new-initiative\/IMCO.pdf\" target=\"_blank\">IMCO-Ausschuss am kommenden Dienstag, 29. November<\/a> 2016. (Sie k\u00f6nnen diesem per <a href=\"http:\/\/www.europarl.europa.eu\/ep-live\/en\/committees\/video?event=20161129-1000-COMMITTEE-IMCO\" target=\"_blank\">Webstream um 11:15 &#8211; 12:30<\/a> folgen)<\/p>\n<p><!--more--><\/p>\n<h2>Standpunkte des Rates und der Kommission<\/h2>\n<h3><img decoding=\"async\" loading=\"lazy\" class=\"alignright  wp-image-1926\" src=\"http:\/\/firearms-united.com\/wp-content\/uploads\/2016\/11\/Magazine.jpg\" alt=\"magazine\" width=\"212\" height=\"432\" srcset=\"https:\/\/www.firearms-united.com\/wp-content\/uploads\/2016\/11\/Magazine.jpg 589w, https:\/\/www.firearms-united.com\/wp-content\/uploads\/2016\/11\/Magazine-147x300.jpg 147w, https:\/\/www.firearms-united.com\/wp-content\/uploads\/2016\/11\/Magazine-503x1024.jpg 503w\" sizes=\"(max-width: 212px) 100vw, 212px\" \/>Standpunkte des Rates<\/h3>\n<p>Der Standpunkt des Rates schlie\u00dft ein Verbot von Schusswaffen der Kategorie B7 &#8211; jene modernen Jagd-, Sport- und Verteidigungswaffen, die nach Milit\u00e4rgewehren und Karabiner gemustert sind &#8211; aus, bedroht uns jedoch in mehreren kritischen Punkten:<\/p>\n<ul>\n<li>Ein<strong> totales Verbot entmilitarisierter Schusswaffen<\/strong>, das bedeutete vollautomatische Schusswaffen, die dauerhaft und irreversibel auf halbautomatischen Betrieb f\u00fcr den zivilen Markt ge\u00e4ndert wurden<\/li>\n<li>Ein <strong>Verbot von Magazinen f\u00fcr Pistolen und Langwaffen\u00a0mit mehr als 20 Patronen<\/strong>\u00a0und ein Verbot f\u00fcr ihre Verwendung mit einigen &#8222;Ausnahmen f\u00fcr Sportsch\u00fctzen&#8220;<\/li>\n<li>Ein obligatorisches <strong>F\u00fcnfjahres-Verfallsdatum<\/strong> f\u00fcr alle Waffenlizenzen und obligatorische <strong>medizinische und psychologische Tests<\/strong> f\u00fcr alle Waffenbesitzer<\/li>\n<\/ul>\n<p><strong>Standpunkt der Kommission<\/strong><\/p>\n<p>Die Kommission k\u00f6nnte mit Hilfe des Rats ihren Plan f\u00fcr noch strengere Bedingungen umsetzen:<\/p>\n<ul>\n<li>Ein <strong>Totalverbot f\u00fcr alle B7-Schusswaffen<\/strong> oder zumindest f\u00fcr alle AR-15 und AK-47 Derivate<\/li>\n<li>Ein vollst\u00e4ndiges <strong>Verbot von Magazinen f\u00fcr Pistolen und Langwaffen, die mehr als 10 Patronen<\/strong> aufnehmen k\u00f6nnen, mit obligatorischer Lizenzierung f\u00fcr deren Erwerb und Besitz<\/li>\n<li><strong>Kaum oder gar keine Ausnahmen<\/strong> f\u00fcr Sammler oder Sportsch\u00fctzen<\/li>\n<\/ul>\n<div class=\"field-item odd\">\n<div class=\"row entity entity-paragraphs-item paragraphs-item-pt-unit\">\n<div class=\"content\">\n<h2>Warum diese Reaktion, und warum jetzt?<\/h2>\n<p><strong><br \/>\n<img decoding=\"async\" loading=\"lazy\" class=\"alignright  wp-image-1927\" src=\"http:\/\/firearms-united.com\/wp-content\/uploads\/2016\/11\/Conference-1.jpg\" alt=\"conference-1\" width=\"354\" height=\"239\" srcset=\"https:\/\/www.firearms-united.com\/wp-content\/uploads\/2016\/11\/Conference-1.jpg 650w, https:\/\/www.firearms-united.com\/wp-content\/uploads\/2016\/11\/Conference-1-300x203.jpg 300w, https:\/\/www.firearms-united.com\/wp-content\/uploads\/2016\/11\/Conference-1-600x405.jpg 600w, https:\/\/www.firearms-united.com\/wp-content\/uploads\/2016\/11\/Conference-1-624x421.jpg 624w\" sizes=\"(max-width: 354px) 100vw, 354px\" \/>Das Ergebnis der Konferenz vom 16. November im Europ\u00e4ischen Parlament in Br\u00fcssel erschreckte die Kommission.<\/strong><\/p>\n<p>Es ist nun klar, dass die Gemeinschaft der Waffenbesitzer und Waffenfans europaweit zusammen kommen kann und dass das Firearms United-Netzwerk zu einer echten europ\u00e4ischen NRB werden k\u00f6nnte.<\/p>\n<div class=\"field field-name-field-gw-text-body field-type-text-long field-label-hidden\">\n<div class=\"field-items\">\n<div class=\"field-item even\">\n<p>Die Europ\u00e4ische Kommission erkannte, dass das &#8222;Firearms United&#8220; -Netzwerk in der Lage sein w\u00fcrde, ihr <a href=\"http:\/\/firearms-united.com\/2016\/11\/19\/ia\/\" target=\"_blank\"><strong>Argumentarit\u00e4tsdefizit<\/strong> <\/a>zu zeigen und \u00a0damit die EU-Gun-Ban-Pl\u00e4ne St\u00fcck f\u00fcr St\u00fcck abzubauen.<\/p>\n<p>Nicht zuletzt sind auch die <strong>externen Akteure,<\/strong> die die Waffenkontrollversuche der Europ\u00e4ischen Kommission beeinflussen oder leiten, unruhig geworden.<\/p>\n<p>Dazu geh\u00f6ren die <strong>Regierungen von mindestens drei Gr\u00fcndungsmitgliedstaaten<\/strong> der EU (Frankreich, Deutschland, Italien) sowie viele andere &#8211; darunter das Vereinigte K\u00f6nigreich trotz Brexit.<\/p>\n<p>Unter diesen Akteuren befinden sich auch einige <strong>bekannte Anti-Gun-NROs,<\/strong> die das EU-Waffenverbot unterst\u00fctzen &#8211; vom Fl\u00e4mischen Friedensinstitut bis zum Small Arms Survey in Genf. Diese NROs sind weit davon entfernt, Graswurzelorganisationen zu sein und werden h\u00e4ufig mit Millionen von Euro (oder Dollars) von anderen Nicht-Regierungs-Lobbyisten und Anti-Waffen-Million\u00e4ren finanziert.<\/p>\n<\/div>\n<\/div>\n<\/div>\n<\/div>\n<\/div>\n<\/div>\n<h3>Was k\u00f6nnen wir tun?<\/h3>\n<p>Europaweit m\u00fcssen Waffenbesitzer sich erneut mit den Abgeordneten des Europ\u00e4ischen Parlaments in Verbindung setzen.<a href=\"http:\/\/firearms-united.com\/2016\/11\/25\/write-call-meps-now\/\" target=\"_blank\"><img decoding=\"async\" loading=\"lazy\" class=\"aligncenter size-full wp-image-1883\" src=\"http:\/\/firearms-united.com\/wp-content\/uploads\/2016\/11\/AT-DE-meme.jpg\" alt=\"at-de-meme\" width=\"1024\" height=\"672\" srcset=\"https:\/\/www.firearms-united.com\/wp-content\/uploads\/2016\/11\/AT-DE-meme.jpg 1024w, https:\/\/www.firearms-united.com\/wp-content\/uploads\/2016\/11\/AT-DE-meme-300x197.jpg 300w, https:\/\/www.firearms-united.com\/wp-content\/uploads\/2016\/11\/AT-DE-meme-768x504.jpg 768w, https:\/\/www.firearms-united.com\/wp-content\/uploads\/2016\/11\/AT-DE-meme-600x394.jpg 600w, https:\/\/www.firearms-united.com\/wp-content\/uploads\/2016\/11\/AT-DE-meme-624x410.jpg 624w\" sizes=\"(max-width: 1024px) 100vw, 1024px\" \/><\/a><\/p>\n<p>Das Firearms United Netzwerk dr\u00e4ngt daher alle Waffenbesitzer, Waffenfans und Freiheitsliebende in Europa &#8211; ebenso wie Industrie &#8211; und Wirtschaftsbeteiligte in diesem Bereich, von Herstellern zu Distributoren und Einzelh\u00e4ndlern &#8211; <strong>die EU &#8211; Abgeordneten zu unterst\u00fctzen, die gegen das EU-Waffenverbot sind<\/strong> &#8211; mit einer neuen <a href=\"http:\/\/firearms-united.com\/2016\/11\/25\/write-call-meps-now\/\" target=\"_blank\"><strong>massiven E-Mail-Kampagne<\/strong><\/a>.<\/p>\n<div class=\"col-sm-6 pull-right\"><\/div>\n<div class=\"field field-name-field-gw-text-body field-type-text-long field-label-hidden\">\n<div class=\"field-items\">\n<div class=\"field-item even\">\n<p>Obwohl die meisten Abgeordneten des Europ\u00e4ischen Parlaments nach der Konferenz vom 16. November eigentlich alle Informationen erhalten haben, bieten diese E-Mails ihnen eine feste Unterst\u00fctzung des europ\u00e4ischen Volks, um ihre widerstandsf\u00e4hige Opposition zu halten. Deshalb m\u00fcssen alle E-Mails in ihren T\u00f6nen angemessen und moderat sein, aber dennoch so klar, das verstanden wird, was wir wollen.<\/p>\n<p>Und sie m\u00fcssen mit einer pers\u00f6nlichen Note geschrieben werden: <strong>kein massives Ausschneiden und Einf\u00fcgen und kein massives Versenden von Tausenden von Emailkopien<\/strong>. Diese werden durch Spam-Filter blockiert oder, schlimmer noch, der europ\u00e4ische Waffenbesitzer-Community den Stempel von gehirnlosen Individuen aufdr\u00fccken, die keine eigenen Brief schreiben k\u00f6nnen, um ihre Gr\u00fcnde mit ihren eigenen Worten zu erkl\u00e4ren.<\/p>\n<p>Firearms United bietet Ihnen einige Argumentationshilfen, die Sie in Ihren E-Mails erw\u00e4hnen sollten. Diese sollten an die Abgeordneten des Europ\u00e4ischen Parlaments bis <strong>sp\u00e4testens am kommenden Montag oder am Dienstagmorgen<\/strong> gesendet werden.<\/p>\n<p>Lesen Sie dazu die Bedienungsanleitung von <a href=\"http:\/\/www.gunsweek.com\/en\/current\/articles\/eu-gun-ban-new-call-action-firearms-united\" target=\"_blank\">GUNSweek:<\/a><\/p>\n<p><a href=\"http:\/\/www.gunsweek.com\/en\/current\/articles\/eu-gun-ban-new-call-action-firearms-united\" target=\"_blank\"><img decoding=\"async\" loading=\"lazy\" class=\"aligncenter size-full wp-image-1904\" src=\"http:\/\/firearms-united.com\/wp-content\/uploads\/2016\/11\/gunsweek.png\" alt=\"gunsweek\" width=\"382\" height=\"248\" srcset=\"https:\/\/www.firearms-united.com\/wp-content\/uploads\/2016\/11\/gunsweek.png 382w, https:\/\/www.firearms-united.com\/wp-content\/uploads\/2016\/11\/gunsweek-300x195.png 300w\" sizes=\"(max-width: 382px) 100vw, 382px\" \/><\/a><\/p>\n<h2>&#8230; und wo bleiben die Hersteller?<\/h2>\n<p>Wieder einmal &#8211; wie auch auf der Konferenz vom 16. November &#8211; bleiben Industrie- und andere \u00f6konomischen Beteiligten in dieser Stunde der Not stumm.<\/p>\n<p>Auch wenn wir es gew\u00f6hnt sind, dass sie taub (und blind) spielen, muss man sagen, dass das Feedback, das das Firearms United-Netzwerk unter seinen Anh\u00e4ngern zu diesem Verhalten gesammelt hat, gar nicht gut ist: Eine gro\u00dfe Mehrheit der europ\u00e4ischen Waffenbesitzer scheint die zivile, europ\u00e4ische Waffenindustrie zu verd\u00e4chtigen, ein verdeckter Anh\u00e4nger der EU-Waffenverbotspl\u00e4ne zu sein. Und das kann nicht gut f\u00fcr die Wirtschaft sein.<\/p>\n<p><strong>Hersteller, Importeure und Exporteure, Gro\u00df- und Einzelh\u00e4ndler w\u00e4ren gut beraten, wenn sie ihre nationalen Regierungen f\u00fcr deren Position im Rat verantwortlich machen<\/strong>. Sie h\u00e4tten dazu guten Grund, da einige der Vertreter der Mitgliedstaaten, die sich f\u00fcr weitere Beschr\u00e4nkungen von rechtm\u00e4\u00dfigen Schusswaffen einsetzen, das Mandat, das sie von ihren Regierungen und Parlamenten erhalten haben, zu weit \u00fcberdehnen.<\/p>\n<p>Auf die Tatsache z\u00e4hlen, dass niemand sie jemals verantwortlich machen w\u00fcrde, unterst\u00fctzen einige Waffenkontroll-B\u00fcrokraten die Waffenverbotspl\u00e4ne der Kommission &#8211; obwohl ihr Mandat anders lautet.<\/p>\n<p>In anderen F\u00e4llen folgen diese B\u00fcrokraten tats\u00e4chlich einem geheimen Mandat ihrer Regierung. Das &#8222;Firearms United&#8220; -Netzwerk verf\u00fcgt \u00fcber einige zuverl\u00e4ssigen internen Informationen, um einige Regierungen vorwerfen zu k\u00f6nnen, dass sie \u00f6ffentliche Zusagen an die Interessenvertreter hinter dem Vorhang nicht einhalten: W\u00e4hrend sie offiziell Beschr\u00e4nkungen ablehnen, da diese die nationale Industrie oder die Verteidigung sch\u00e4digen w\u00fcrden, unterst\u00fctzen sie in Br\u00fcssel heimlich die EU-Waffenverbotspl\u00e4ne.<\/p>\n<p>Sie hoffen mit dem alten Spruch &#8222;Da k\u00f6nnen wir nichts machen, das will die EU &#8211; nicht wir, aber wir m\u00fcssen es umsetzen&#8220; zus\u00e4tzliche Beschr\u00e4nkungen auferlegen zu k\u00f6nnen, die sie national wegen der direkten politischen Verantwortung niemals umsetzen k\u00f6nnten.<\/p>\n<div class=\"field field-name-field-gw-text-body field-type-text-long field-label-hidden\">\n<div class=\"field-items\">\n<div class=\"field-item even\">\n<p><strong>Wie kann die europ\u00e4ische, zivile Waffenindustrie dazu schweigen? Wir wissen es nicht!<\/strong><\/p>\n<h2>Wie wird das enden?<\/h2>\n<p>Dies ist der letzte Ansturm: Das Ergebnis des Kampfes h\u00e4ngt von Ihnen ab und was Sie bereit sind zu tun!<\/p>\n<p>Angesichts der Anzahl der Variablen, kann keiner zur Zeit eine Voraussage treffen. Sicher ist, dass die Europ\u00e4ische Kommission und alle europ\u00e4ischen Waffenkontroll-Advokaten verzweifelt sind: sie haben Angst, dass sie diese Schlacht verlieren k\u00f6nnten und dass sie k\u00fcnftig keine weitere Chancen h\u00e4tten, weil mittlerweile eine <strong>starke &#8222;Waffenlobby&#8220; in Europa<\/strong> entsteht.<\/p>\n<div class=\"field field-name-field-gw-text-body field-type-text-long field-label-hidden\">\n<div class=\"field-items\">\n<div class=\"field-item even\"><img decoding=\"async\" loading=\"lazy\" class=\"aligncenter size-full wp-image-1928\" src=\"http:\/\/firearms-united.com\/wp-content\/uploads\/2016\/11\/Firearms_Unied_-_Call_to_Action_2_ENG.jpg\" alt=\"firearms_unied_-_call_to_action_2_eng\" width=\"650\" height=\"379\" srcset=\"https:\/\/www.firearms-united.com\/wp-content\/uploads\/2016\/11\/Firearms_Unied_-_Call_to_Action_2_ENG.jpg 650w, https:\/\/www.firearms-united.com\/wp-content\/uploads\/2016\/11\/Firearms_Unied_-_Call_to_Action_2_ENG-300x175.jpg 300w, https:\/\/www.firearms-united.com\/wp-content\/uploads\/2016\/11\/Firearms_Unied_-_Call_to_Action_2_ENG-600x350.jpg 600w, https:\/\/www.firearms-united.com\/wp-content\/uploads\/2016\/11\/Firearms_Unied_-_Call_to_Action_2_ENG-624x364.jpg 624w\" sizes=\"(max-width: 650px) 100vw, 650px\" \/>In der Tat ist die Niederlage der Anti-Waffen-Advokaten und die Geburt einer m\u00e4chtigen Waffenrechts-Aktivisten-Gruppe in Europa das, was wir alle anstreben sollten. Aber dies ben\u00f6tigt Anstrengung &#8211; eine Anstrengung, zu der wir alle jetzt aufgefordert werden, durch die Inanspruchnahme\u00a0einiger Stunden unseres Wochenendes, um E-Mails an die Abgeordneten des Europ\u00e4ischen Parlaments zu schicken.<\/p>\n<p><strong>Was die Anti-Waffen-Front aber bisher nicht realisiert hat, ist, dass das Firearms United-Netzwerk niemals auf die aktuellen Einflussniveaus gelangt w\u00e4re, wenn die Europ\u00e4ische Kommission im November 2015 nicht beschlossen h\u00e4tte, gesetzestreuen Waffenbesitzern den Kampf anzusagen.\u00a0<\/strong><\/p>\n<\/div>\n<\/div>\n<\/div>\n<\/div>\n<\/div>\n<\/div>\n<\/div>\n<\/div>\n<\/div>","protected":false},"excerpt":{"rendered":"<p class=\"qtranxs-available-languages-message qtranxs-available-languages-message-de\">Leider ist der Eintrag nur auf <a href=\"https:\/\/www.firearms-united.com\/en\/wp-json\/wp\/v2\/posts\/1895\" class=\"qtranxs-available-language-link qtranxs-available-language-link-en\" title=\"English\">Amerikanisches Englisch<\/a> verf\u00fcgbar. Der Inhalt wird unten in einer verf\u00fcgbaren Sprache angezeigt. Klicken Sie auf den Link, um die aktuelle Sprache zu \u00e4ndern.<\/p>\n<p>Our partner GUNSweek.com wrote an extremely detailed article containing all you need to know about our new &#8222;Call to Action!&#8220;<\/p>\n","protected":false},"author":5,"featured_media":1907,"comment_status":"open","ping_status":"open","sticky":false,"template":"","format":"standard","meta":{"sfsi_plus_gutenberg_text_before_share":"","sfsi_plus_gutenberg_show_text_before_share":"","sfsi_plus_gutenberg_icon_type":"","sfsi_plus_gutenberg_icon_alignemt":"","sfsi_plus_gutenburg_max_per_row":""},"categories":[2],"tags":[77,40,93,34],"_links":{"self":[{"href":"https:\/\/www.firearms-united.com\/de\/wp-json\/wp\/v2\/posts\/1895"}],"collection":[{"href":"https:\/\/www.firearms-united.com\/de\/wp-json\/wp\/v2\/posts"}],"about":[{"href":"https:\/\/www.firearms-united.com\/de\/wp-json\/wp\/v2\/types\/post"}],"author":[{"embeddable":true,"href":"https:\/\/www.firearms-united.com\/de\/wp-json\/wp\/v2\/users\/5"}],"replies":[{"embeddable":true,"href":"https:\/\/www.firearms-united.com\/de\/wp-json\/wp\/v2\/comments?post=1895"}],"version-history":[{"count":28,"href":"https:\/\/www.firearms-united.com\/de\/wp-json\/wp\/v2\/posts\/1895\/revisions"}],"predecessor-version":[{"id":1929,"href":"https:\/\/www.firearms-united.com\/de\/wp-json\/wp\/v2\/posts\/1895\/revisions\/1929"}],"wp:featuredmedia":[{"embeddable":true,"href":"https:\/\/www.firearms-united.com\/de\/wp-json\/wp\/v2\/media\/1907"}],"wp:attachment":[{"href":"https:\/\/www.firearms-united.com\/de\/wp-json\/wp\/v2\/media?parent=1895"}],"wp:term":[{"taxonomy":"category","embeddable":true,"href":"https:\/\/www.firearms-united.com\/de\/wp-json\/wp\/v2\/categories?post=1895"},{"taxonomy":"post_tag","embeddable":true,"href":"https:\/\/www.firearms-united.com\/de\/wp-json\/wp\/v2\/tags?post=1895"}],"curies":[{"name":"wp","href":"https:\/\/api.w.org\/{rel}","templated":true}]}}