{"id":2039,"date":"2016-12-22T07:08:18","date_gmt":"2016-12-22T06:08:18","guid":{"rendered":"http:\/\/firearms-united.com\/?p=2039"},"modified":"2017-02-19T18:14:45","modified_gmt":"2017-02-19T17:14:45","slug":"trilogue-ends-eu-gun-ban","status":"publish","type":"post","link":"https:\/\/www.firearms-united.com\/de\/trilogue-ends-eu-gun-ban\/","title":{"rendered":"Trilog schlie\u00dft die Verhandlungen zum \u201eEU-Gun ban\u201c"},"content":{"rendered":"<em>Von unserem Partner <a href=\"http:\/\/www.gunsweek.com\/en\/current\/articles\/trilogue-ends-eu-gun-ban\" target=\"_blank\">GUNSWEEK.com, Autor Pierangelo Tendas<\/a> &#8211; 21.12.2016<\/em><\/p>\n<ul>\n<li><strong>Pressemitteilung der Europ\u00e4ischen Kommission<\/strong><\/li>\n<li><strong>Europ\u00e4isches Parlament und die &#8222;aggressive Waffenlobby&#8220; verw\u00e4sserten den Vorschlag<\/strong><\/li>\n<li>Update 25.01.17:\u00a0<a href=\"https:\/\/firearms-united.com\/wp-content\/uploads\/2017\/01\/2017-01-25-Firearms_4columnsbis_EN.pdf\" target=\"_blank\"><strong>Trilogs Kompromiss ver\u00f6ffentlicht (nur auf Englisch)<\/strong><\/a><\/li>\n<li><strong>N\u00e4chste Schritte der EU im Februar und M\u00e4rz<\/strong><\/li>\n<li><strong>Brief von FIREARMS UNITED an Frans Timmermans, 1, Vizepr\u00e4sident der Kommission<\/strong><\/li>\n<li><strong>N\u00e4chste Schritte von FIREARMS UNITED<\/strong><\/li>\n<\/ul>\n<p><strong>Eine Pressemitteilung der Europ\u00e4ischen Kommission gibt das Ende des Trilogs hinsichtlich des zus\u00e4tzlichen Vorhabens zur EU-Feuerwaffen Direktive bekannt \u2013 Die Direktive ist mittlerweile ber\u00fcchtigt als \u201eEU-Gun ban\u201c<\/strong><\/p>\n<div style=\"width: 310px\" class=\"wp-caption alignleft\"><a href=\"http:\/\/www.gunsweek.com\/sites\/default\/files\/styles\/gw_content_image\/public\/archive\/current\/articles\/eu-gun-ban-trilogue-ends\/EU-02.jpg?itok=qPtYPnbm\"><img decoding=\"async\" loading=\"lazy\" src=\"http:\/\/www.gunsweek.com\/sites\/default\/files\/styles\/gw_content_image\/public\/archive\/current\/articles\/eu-gun-ban-trilogue-ends\/EU-02.jpg\" alt=\"The final outcome of the dossier will be decided at the European Parliament in February and March\" width=\"300\" height=\"199\" \/><\/a><p class=\"wp-caption-text\">Das endg\u00fcltige Ergebnis wird im Europ\u00e4ischen Parlament im Februar und M\u00e4rz beschlossen<\/p><\/div>\n<p>Mit der <a href=\"http:\/\/europa.eu\/rapid\/press-release_IP-16-4464_de.htm\" target=\"_blank\">Pressemitteilung vom gestrigen 20. Dezember<\/a> k\u00fcndigt die Europ\u00e4ische Kommission das Ergebnis der Verhandlungen des Trilog hinsichtlich der zus\u00e4tzlichen Vorhabens zur EU-Feuerwaffen Direktive an, ein Dossier, das mittlerweile treffend als \u201e<strong>EU-Gun ban<\/strong>\u201c bezeichnet werden kann.<\/p>\n<p>Nach den blutigen Terrorattacken im November 2015 in Paris umfasste der erste Vorschlag der Forderungen weitreichende und drakonische Verbote, die gesetzestreue und rechtm\u00e4\u00dfige Waffenbesitzer treffen sollte und <strong>ein totales Verbot des Privatbesitzes von Modern Sporting Rifles (MSR) beinhaltete, die dem Aussehen nach Kriegswaffen glichen, technisch jedoch wenig Gemeinsamkeiten mit diesen aufweisen<\/strong>, und vieles mehr.<\/p>\n<p><!--more--><\/p>\n<p>Eine Evaluierung dieser Verbotsforderung, die von den Mitgliedern des EU-Parlamentes angeregt wurde, ergab alsbald, dass die Verbotsforderungen unn\u00f6tig, \u00fcbertrieben und unpraktisch seien. Nachdem das Dossier vor \u00fcber zw\u00f6lf Monaten ver\u00f6ffentlicht wurde, verk\u00fcndet die Europ\u00e4ische Kommission nun den aktuellen Stand der Verhandlungen als \u201e<em>provisorische politische Vereinbarung<\/em>\u201c.<\/p>\n<div style=\"width: 310px\" class=\"wp-caption alignright\"><a href=\"http:\/\/www.gunsweek.com\/sites\/default\/files\/styles\/gw_content_image\/public\/archive\/current\/articles\/eu-gun-ban-trilogue-ends\/EU-03.jpg?itok=bXHnZEcC\"><img decoding=\"async\" loading=\"lazy\" src=\"http:\/\/www.gunsweek.com\/sites\/default\/files\/archive\/current\/articles\/eu-gun-ban-trilogue-ends\/EU-03.jpg\" width=\"300\" height=\"199\" \/><\/a><p class=\"wp-caption-text\">Trotz ihres starken Drucks konnte die Europ\u00e4ische Kommission nicht erreichen, was sie verlangte<\/p><\/div>\n<p>Die restriktivsten Forderungen der Europ\u00e4ischen Kommission wurden unmittelbar nach der Ver\u00f6ffentlichung von der Gemeinschaft der Waffenbesitzer, Waffensammler,\u00a0 Waffenliebhaber, J\u00e4ger und Sportsch\u00fctzen im Ganzen entschieden abgelehnt; die Oppositon gegen die Verbotspl\u00e4ne der Kommission wurde vom relativ jungen Firearms United Netzwerk angef\u00fchrt, das von der EU-Kommission nur als <a href=\"http:\/\/www.gunsweek.com\/en\/current\/articles\/eu-gun-ban-european-commission-bully-council-parliament\" target=\"_blank\">\u201eaggressive Waffenlobby\u201c<\/a> betitelt wird.<\/p>\n<p>Zwar wird das \u00fcberarbeitete Verhandlungsergebnis des Trilogs als Text nicht fr\u00fcher als Ende des Jahres und vermutlich erst in der zweiten H\u00e4lfte im Januar 2017 zur Einsicht verf\u00fcgbar sein, so l\u00e4sst sich doch mit hoher Wahrscheinlichkeit aufgrund der <a href=\"http:\/\/www.gunsweek.com\/en\/current\/articles\/eu-gun-ban-our-way-thermopylae\" target=\"_blank\">Pressemitteilung vom 20. November <\/a>sagen, dass das Ergebnis in folgende Richtung gehen wird:<strong> Es wird kein umfassendes Verbot der MSR geben<\/strong> (gemeint sind im Text halbautomatische Lang- und Kurzwaffen), \u201e<em>lediglich<\/em>\u201c ein Verbot ab einem bestimmten Zeitpunkt zu Halbautomaten demilitarisierte Kriegswaffen zu erwerben (gemeint sind: Vollautomatische B\u00fcchsen aus Milit\u00e4r- oder Polizeibest\u00e4nden, die f\u00fcr den zivilen Markt zu halbautomatischen B\u00fcchsen konvertiert wurden), das von jedem Staat einzeln eingef\u00fchrt werden muss; und <strong>kein generelles Verbot von Magazinen, die eine hohe Anzahl von Munition aufnehmen k\u00f6nnen <\/strong>(high-capacity magazines). Es wird aber eine Einschr\u00e4nkung des Erwerbs geben. F\u00fcr \u201e<em>Sportsch\u00fctzen<\/em>\u201c sollen Ausnahmen gewehrt werden k\u00f6nnen.<\/p>\n<p><strong><a href=\"http:\/\/europa.eu\/rapid\/press-release_IP-16-4464_de.htm\" target=\"_blank\">Download-Klick f\u00fcr die Pressemitteilung der Europ\u00e4ischen Kommission<\/a><\/strong><\/p>\n<p><a href=\"https:\/\/www.docdroid.net\/JCvID2y\/directive-91-477-compromis-16122016.docx.html\" target=\"_blank\">Dieser ver\u00f6ffentlichte Entwurf der Vereinbarung des Rats ist NICHT vollst\u00e4ndig\u00a0<\/a>\u00a0Es wurde von unseren Quellen in Br\u00fcssel best\u00e4tigt, dass das Dokument NICHT ZUVERL\u00c4SSIG ist, da es viele Last-Minute-Korrekturen NICHT enth\u00e4lt.\u00a0Wir bitten Sie darum, dieses nicht weiter zu verteilen bzw. es nicht zu beachten.<\/p>\n<h2><a href=\"https:\/\/firearms-united.com\/wp-content\/uploads\/2017\/01\/2017-01-25-Firearms_4columnsbis_EN.pdf\" target=\"_blank\"><strong>Download: Trilogs Kompromiss ver\u00f6ffentlicht (nur auf Englisch)<\/strong><\/a><\/h2>\n<div style=\"width: 660px\" class=\"wp-caption aligncenter\"><a href=\"http:\/\/www.gunsweek.com\/sites\/default\/files\/styles\/gw_content_image\/public\/archive\/current\/articles\/eu-gun-ban-trilogue-ends\/EU-07.jpg?itok=P_UQqYf3\"><img decoding=\"async\" loading=\"lazy\" src=\"http:\/\/www.gunsweek.com\/sites\/default\/files\/styles\/gw_content_image\/public\/archive\/current\/articles\/eu-gun-ban-trilogue-ends\/EU-07.jpg\" width=\"650\" height=\"474\" \/><\/a><p class=\"wp-caption-text\">Es ist jetzt offiziell: Die meisten Waffen der Kategorie B7 sind vor dem Verbot sicher! Foto von Oleg Volk<\/p><\/div>\n<h1>Die EU-Kommission feiert den Sieg\u2026.<\/h1>\n<p>\u2026 aber hat Sie gewonnen? Nein, ganz und gar nicht!<\/p>\n<p>Ungeachtet der Forderungen nach \u201esteigender Sicherheit f\u00fcr die B\u00fcrger\u201c, zitiert die Pressemitteilung auch Jean-Claude Juncker mit Worten, die seine Entt\u00e4uschung \u00fcber das Verhandlungsergebnisse zum Ausdruck bringen:<\/p>\n<blockquote><p><strong><em>\u00abWir haben hart f\u00fcr eine ehrgeizige L\u00f6sung gek\u00e4mpft, weil wir das Risiko von Schie\u00dfereien in Schulen oder Ferienlagern und die Gefahr von Terroranschl\u00e4gen mit legalen Feuerwaffen senken wollen. Nat\u00fcrlich w\u00e4ren wir gerne noch weiter gegangen, doch ich bin \u00fcberzeugt, dass diese Einigung einen gro\u00dfen Schritt f\u00fcr die Schusswaffenkontrolle in der EU darstellt.<\/em><\/strong><strong><em>\u00bb<\/em><\/strong><\/p><\/blockquote>\n<div style=\"width: 310px\" class=\"wp-caption alignleft\"><a href=\"http:\/\/www.gunsweek.com\/sites\/default\/files\/styles\/gw_content_image\/public\/archive\/current\/articles\/eu-gun-ban-trilogue-ends\/EU-08.jpg?itok=kEB2ebV6\"><img decoding=\"async\" loading=\"lazy\" src=\"http:\/\/www.gunsweek.com\/sites\/default\/files\/styles\/gw_content_image\/public\/archive\/current\/articles\/eu-gun-ban-trilogue-ends\/EU-08.jpg?itok=kEB2ebV6\" width=\"300\" height=\"200\" \/><\/a><p class=\"wp-caption-text\">Der Vorschlag der Kommission, alle milit\u00e4rischen Schusswaffen oder sogar nur die Varianten AK47 und AR15 zu verbieten, wurde abgelehnt &#8211; Foto von Oleg Volk<\/p><\/div>\n<p>Wichtiger f\u00fcr uns ist jedoch die Erkenntnis, dass Teile des originalen Vorschlages der EU-Kommission von sogenannten \u201eCo-Entscheidern\u201c g\u00e4nzlich zur\u00fcckgewiesen wurden.<\/p>\n<p><em>\u00ab<\/em><em>Die EU-Kommission bedauert, dass Teile des originalen Vorschlages der EU-Kommission von Teilen des Parlamentes und des Rates nicht getragen wurden. Die Kommission hatte vorgeschlagen, die gef\u00e4hrlichsten halbautomatischen Feuerwaffen einschlie\u00dflich der zivilen Versionen der AK47 und AR15-Familie in G\u00e4nze zu verbieten, sowie Sturmgewehre f\u00fcr Sammler. Die Kommission bedauert auch, dass es kein generelles Verbot f\u00fcr Magazine gibt, die mehr als zehn Schuss halten.<\/em><em>\u00bb<\/em><\/p>\n<p><a href=\"http:\/\/www.gunsweek.com\/sites\/default\/files\/styles\/gw_content_image\/public\/archive\/current\/articles\/eu-gun-ban-trilogue-ends\/EU-04.jpg?itok=YWEiKmJr\"><img decoding=\"async\" loading=\"lazy\" class=\"alignright \" src=\"http:\/\/www.gunsweek.com\/sites\/default\/files\/styles\/gw_content_image\/public\/archive\/current\/articles\/eu-gun-ban-trilogue-ends\/EU-04.jpg?itok=YWEiKmJr\" width=\"300\" height=\"169\" \/><\/a><\/p>\n<p>Da die EU-Kommission aufgrund von Arroganz und Stolz ihre Niederlage\u00a0 nicht eingestehen kann, ist es wichtig hervorzuheben, was in dem Zitat steckt: <strong>Durch die Arbeit von Firearms United und andere Interessengruppen konnten die schlimmsten Vorhaben noch abgewendet werden<\/strong>!<\/p>\n<p>Aber die Arbeit ist noch nicht vorbei. Nun gilt es, die Details zu kl\u00e4ren.<\/p>\n<p>Die <em>\u201eprovisorische politische Vereinbarung\u201c<\/em> muss nun noch vom IMCO-Ausschuss des Europ\u00e4ischen Parlamentes im Februar abgesegnet werden und dann ebenfalls durch die Sitzung des EU-Parlamentes gehen. Die erste Lesung ist f\u00fcr M\u00e4rz angesetzt. Mitglieder des EU-Parlamentes k\u00f6nnen dann noch <strong>\u00c4nderungen<\/strong> beantragen, die dann die Entsch\u00e4rfungen des gegenw\u00e4rtigen Vorschlages zu Nichte machen k\u00f6nnen Ein <strong>Verbot von vollautomatischen Waffen, die zu halbautomatischen Waffen konvertiert worden<\/strong>, eine Reglementierung oder gar ein Verbot abnehmbarer Magazine w\u00e4ren dann wieder auf dem Tisch. Auch die Definition des Begriffs \u201e<em>Sportsch\u00fctze<\/em>\u201c, denen ja der Zugang zu diesen <em>&#8222;Hi-Cap-Magazinen&#8220;<\/em> gew\u00e4hrt werden soll, sind Punkte, die dann diskutiert werden k\u00f6nnten und doch Versch\u00e4rfungen nach sich ziehen k\u00f6nnten.<\/p>\n<h1>Der Kampf geht weiter<\/h1>\n<div style=\"width: 311px\" class=\"wp-caption alignleft\"><a href=\"http:\/\/www.gunsweek.com\/sites\/default\/files\/styles\/gw_content_image\/public\/archive\/current\/articles\/eu-gun-ban-trilogue-ends\/EU-05.jpg?itok=3p5GTICj\"><img decoding=\"async\" loading=\"lazy\" class=\"\" src=\"http:\/\/www.gunsweek.com\/sites\/default\/files\/styles\/gw_content_image\/public\/archive\/current\/articles\/eu-gun-ban-trilogue-ends\/EU-05.jpg?itok=3p5GTICj\" width=\"301\" height=\"377\" \/><\/a><p class=\"wp-caption-text\">Firearms United is still working to improve the final text before it&#8217;s approved<\/p><\/div>\n<p>Darauf wird sich das Netzwerk von Firearms United in den n\u00e4chsten Wochen konzentrieren. Erst k\u00fcrzlich hat Tomasz W. St\u0119pie\u0144\u00a0\u2013 P\u00e4sident und CEO vonFirearms United\u00a0\u2013 einen <a href=\"http:\/\/www.gunsweek.com\/sites\/default\/files\/archive\/current\/articles\/eu-gun-ban-trilogue-ends\/FU-letter-Timmermans.pdf\" target=\"_blank\">Brief an Franz Timmermanns, erste Vize-Pr\u00e4sident der EU-Kommission<\/a>, gesandt.<\/p>\n<p>Unterst\u00fctzt durch eine brillantes <a href=\"http:\/\/www.gunsweek.com\/en\/events\/articles\/against-eu-gun-ban-firearms-united-conference-european-parliament\" target=\"_blank\">\u201eImpact Assessment\u201c<\/a>, das von Firearms United w\u00e4hrend des <a href=\"http:\/\/www.gunsweek.com\/en\/events\/articles\/against-eu-gun-ban-firearms-united-conference-european-parliament\">Konferenz im EU-Parlament im November<\/a> pr\u00e4sentiert wurde, lie\u00df Tomasz St\u0119pie\u0144 gegen\u00fcber Frans Timmermans verlauten, dass \u00a0Firearms United bereit ist, Hand in Hand\u00a0 mit der EU-Kommission an einem Vorschlag f\u00fcr eine EU-Feuerwaffendirektive zu arbeiten, der praktikabel ist und sich nicht auf die Beschr\u00e4nkung gesetztes treuer Legalwaffenbesitzer versteift und die wirklichen Probleme, wie illegalen Waffenhandel angeht, um Europa tats\u00e4chlich sicherer zu machen.<\/p>\n<p>Einzig die Antwort der EU-Kommission\u2013 oder das Fehlen einer Antwort \u2013 wird zeigen, ob die europ\u00e4ischen Institutionen Europa wirklich sicherer machen wollen oder ob es doch darum geht, die europ\u00e4ischen Waffenbesitzer zu entwaffnen. Hier wird sich zeigen, ob die Gemeinschaft der Waffenbesitzer in Europa der Kommission, dem Rat oder dem Parlament noch Vertrauen entgegen bringen kann.<\/p>\n<p><strong><a href=\"http:\/\/www.gunsweek.com\/sites\/default\/files\/archive\/current\/articles\/eu-gun-ban-trilogue-ends\/FU-letter-Timmermans.pdf\">Download-Klick f\u00fcr <\/a><\/strong><a href=\"http:\/\/www.gunsweek.com\/sites\/default\/files\/archive\/current\/articles\/eu-gun-ban-trilogue-ends\/FU-letter-Timmermans.pdf\" target=\"_blank\"><strong>Tomasz St\u0119pie\u0144s Brief an Frans Timmermans<\/strong><\/a><\/p>\n<p><a href=\"https:\/\/firearms-united.com\/wp-content\/uploads\/2016\/06\/Folgenabscha%CC%88tzung-von-FIREARMS-UNITED.pdf\" target=\"_blank\"><strong>Download-Klick f\u00fcr das Impact Assessment\/Folgenabsch\u00e4tzung von FIREARMS UNITED<\/strong><\/a><\/p>\n<div style=\"width: 310px\" class=\"wp-caption alignright\"><a href=\"http:\/\/www.gunsweek.com\/sites\/default\/files\/styles\/gw_content_image\/public\/archive\/current\/articles\/eu-gun-ban-trilogue-ends\/EU-10.jpg?itok=TxQh62yn\"><img decoding=\"async\" loading=\"lazy\" class=\"\" src=\"http:\/\/www.gunsweek.com\/sites\/default\/files\/styles\/gw_content_image\/public\/archive\/current\/articles\/eu-gun-ban-trilogue-ends\/EU-10.jpg?itok=TxQh62yn\" width=\"300\" height=\"169\" \/><\/a><p class=\"wp-caption-text\">Es ist ganz klar: Bisher hat sich die &#8222;aggressive Waffenlobby&#8220; lediglich aufgew\u00e4rmt!<\/p><\/div>\n<p>Das Ende des Trilogs markiert also keinen Sieg, auch keine Niederlage. Es ist im schlimmsten Fall ein Gleichstand, der den Weg f\u00fcr weitere K\u00e4mpfe ebnet. Denn nach der Absegnung im Parlament kommt ja noch die Umsetzung in den einzelnen Staaten. Die Aufgaben, die auf uns zukommen, m\u00fcssen mit K\u00fchnheit und Entschlossenheit angepackt werden, aber auch mit Disziplin und dem Glauben daran, dass wir das schaffen k\u00f6nnen.<\/p>\n<p>Viel wichtiger ist jedoch die Feststellung, dass wir Waffenbesitzer Zielscheibe unn\u00f6tiger und unfairer Beschr\u00e4nkungen sind. Diese Beschr\u00e4nkungen k\u00f6nnen wir aber nicht durch Nichtstun oder gar \u00fcbertriebene Feindseligkeiten gegen\u00fcber den Parlamentariern, deren Stimme erforderlich ist, beseitigen. Tomasz W. <a href=\"http:\/\/www.gunsweek.com\/sites\/default\/files\/archive\/current\/articles\/eu-gun-ban-trilogue-ends\/Statement-Emails-ENG.pdf\" target=\"_blank\">St\u0119pie\u0144 hat j\u00fcngst den Inhalt einiger Emails verurteilt<\/a>, dessen Ton und Inhalt der Sache nicht angemessen ist.","protected":false},"excerpt":{"rendered":"<p>Leider ist der Eintrag nur auf Amerikanisches Englisch verf\u00fcgbar. Der Inhalt wird unten in einer verf\u00fcgbaren Sprache angezeigt. Klicken Sie auf den Link, um die aktuelle Sprache zu \u00e4ndern.From our partner GUNSWEEK.com by\u00a0Pierangelo Tendas &#8211; 21.12.2016 Press release of the European Commission European Parliament and &#8222;aggressive gun lobby&#8220; watered down the proposal Update 25.01.2017:\u00a0Trilogue&#8217;s outcome now published: LINK\u00a0 Next steps &#8230; <a href=\"https:\/\/www.firearms-united.com\/de\/trilogue-ends-eu-gun-ban\/\" class=\"more-link\">Read More<\/a><\/p>\n","protected":false},"author":5,"featured_media":2043,"comment_status":"open","ping_status":"open","sticky":false,"template":"","format":"standard","meta":{"sfsi_plus_gutenberg_text_before_share":"","sfsi_plus_gutenberg_show_text_before_share":"","sfsi_plus_gutenberg_icon_type":"","sfsi_plus_gutenberg_icon_alignemt":"","sfsi_plus_gutenburg_max_per_row":""},"categories":[9],"tags":[33,31,120,40,69,73,139],"_links":{"self":[{"href":"https:\/\/www.firearms-united.com\/de\/wp-json\/wp\/v2\/posts\/2039"}],"collection":[{"href":"https:\/\/www.firearms-united.com\/de\/wp-json\/wp\/v2\/posts"}],"about":[{"href":"https:\/\/www.firearms-united.com\/de\/wp-json\/wp\/v2\/types\/post"}],"author":[{"embeddable":true,"href":"https:\/\/www.firearms-united.com\/de\/wp-json\/wp\/v2\/users\/5"}],"replies":[{"embeddable":true,"href":"https:\/\/www.firearms-united.com\/de\/wp-json\/wp\/v2\/comments?post=2039"}],"version-history":[{"count":16,"href":"https:\/\/www.firearms-united.com\/de\/wp-json\/wp\/v2\/posts\/2039\/revisions"}],"predecessor-version":[{"id":2288,"href":"https:\/\/www.firearms-united.com\/de\/wp-json\/wp\/v2\/posts\/2039\/revisions\/2288"}],"wp:featuredmedia":[{"embeddable":true,"href":"https:\/\/www.firearms-united.com\/de\/wp-json\/wp\/v2\/media\/2043"}],"wp:attachment":[{"href":"https:\/\/www.firearms-united.com\/de\/wp-json\/wp\/v2\/media?parent=2039"}],"wp:term":[{"taxonomy":"category","embeddable":true,"href":"https:\/\/www.firearms-united.com\/de\/wp-json\/wp\/v2\/categories?post=2039"},{"taxonomy":"post_tag","embeddable":true,"href":"https:\/\/www.firearms-united.com\/de\/wp-json\/wp\/v2\/tags?post=2039"}],"curies":[{"name":"wp","href":"https:\/\/api.w.org\/{rel}","templated":true}]}}