{"id":2436,"date":"2017-03-06T17:14:41","date_gmt":"2017-03-06T16:14:41","guid":{"rendered":"http:\/\/firearms-united.com\/?p=2436"},"modified":"2017-03-07T08:16:31","modified_gmt":"2017-03-07T07:16:31","slug":"message-european-commission","status":"publish","type":"post","link":"https:\/\/www.firearms-united.com\/de\/message-european-commission\/","title":{"rendered":"Message for the European Commission &#8211; Video"},"content":{"rendered":"<p class=\"qtranxs-available-languages-message qtranxs-available-languages-message-de\">Leider ist der Eintrag nur auf <a href=\"https:\/\/www.firearms-united.com\/en\/wp-json\/wp\/v2\/posts\/2436\" class=\"qtranxs-available-language-link qtranxs-available-language-link-en\" title=\"English\">Amerikanisches Englisch<\/a> und <a href=\"https:\/\/www.firearms-united.com\/pl\/wp-json\/wp\/v2\/posts\/2436\" class=\"qtranxs-available-language-link qtranxs-available-language-link-pl\" title=\"Polski\">Polnisch<\/a> verf\u00fcgbar. Der Inhalt wird in der Standard-Sprache dieser Website angezeigt. Sie k\u00f6nnen einen Link anklicken, um zu einer anderen verf\u00fcgbaren Sprache zu wechseln.<\/p>Why does European Commission want to make us vulnerable to terrorist attacks? Polish and European shooters and gun owners want to send a very important message to the European Commission &#8211; we will not stop fighting for our rights and we will continue to expose all your lies.<br \/>\n<iframe loading=\"lazy\" src=\"https:\/\/www.youtube.com\/embed\/S3MGoaeMWI0\" width=\"854\" height=\"480\" frameborder=\"0\" allowfullscreen=\"allowfullscreen\"><\/iframe>","protected":false},"excerpt":{"rendered":"<p>Leider ist der Eintrag nur auf Amerikanisches Englisch und Polnisch verf\u00fcgbar. Der Inhalt wird in der Standard-Sprache dieser Website angezeigt. Sie k\u00f6nnen einen Link anklicken, um zu einer anderen verf\u00fcgbaren Sprache zu wechseln.Why does European Commission want to make us vulnerable to terrorist attacks? Polish and European shooters and gun owners want to send a very important message to the &#8230; <a href=\"https:\/\/www.firearms-united.com\/de\/message-european-commission\/\" class=\"more-link\">Read More<\/a><\/p>\n","protected":false},"author":2,"featured_media":0,"comment_status":"open","ping_status":"open","sticky":false,"template":"","format":"standard","meta":{"sfsi_plus_gutenberg_text_before_share":"","sfsi_plus_gutenberg_show_text_before_share":"","sfsi_plus_gutenberg_icon_type":"","sfsi_plus_gutenberg_icon_alignemt":"","sfsi_plus_gutenburg_max_per_row":""},"categories":[12],"tags":[],"_links":{"self":[{"href":"https:\/\/www.firearms-united.com\/de\/wp-json\/wp\/v2\/posts\/2436"}],"collection":[{"href":"https:\/\/www.firearms-united.com\/de\/wp-json\/wp\/v2\/posts"}],"about":[{"href":"https:\/\/www.firearms-united.com\/de\/wp-json\/wp\/v2\/types\/post"}],"author":[{"embeddable":true,"href":"https:\/\/www.firearms-united.com\/de\/wp-json\/wp\/v2\/users\/2"}],"replies":[{"embeddable":true,"href":"https:\/\/www.firearms-united.com\/de\/wp-json\/wp\/v2\/comments?post=2436"}],"version-history":[{"count":4,"href":"https:\/\/www.firearms-united.com\/de\/wp-json\/wp\/v2\/posts\/2436\/revisions"}],"predecessor-version":[{"id":2440,"href":"https:\/\/www.firearms-united.com\/de\/wp-json\/wp\/v2\/posts\/2436\/revisions\/2440"}],"wp:attachment":[{"href":"https:\/\/www.firearms-united.com\/de\/wp-json\/wp\/v2\/media?parent=2436"}],"wp:term":[{"taxonomy":"category","embeddable":true,"href":"https:\/\/www.firearms-united.com\/de\/wp-json\/wp\/v2\/categories?post=2436"},{"taxonomy":"post_tag","embeddable":true,"href":"https:\/\/www.firearms-united.com\/de\/wp-json\/wp\/v2\/tags?post=2436"}],"curies":[{"name":"wp","href":"https:\/\/api.w.org\/{rel}","templated":true}]}}