{"id":3046,"date":"2019-03-24T19:27:39","date_gmt":"2019-03-24T18:27:39","guid":{"rendered":"https:\/\/firearms-united.com\/?p=3046"},"modified":"2019-03-24T19:32:57","modified_gmt":"2019-03-24T18:32:57","slug":"elections2019-supernelikko","status":"publish","type":"post","link":"https:\/\/www.firearms-united.com\/de\/elections2019-supernelikko\/","title":{"rendered":"Firearms United Finland Vaali-Extra &#8211; &#8222;Supernelikko&#8220;"},"content":{"rendered":"<p class=\"qtranxs-available-languages-message qtranxs-available-languages-message-de\">Leider ist der Eintrag nur auf <a href=\"https:\/\/www.firearms-united.com\/en\/wp-json\/wp\/v2\/posts\/3046\" class=\"qtranxs-available-language-link qtranxs-available-language-link-en\" title=\"English\">Amerikanisches Englisch<\/a> verf\u00fcgbar. Der Inhalt wird unten in einer verf\u00fcgbaren Sprache angezeigt. Klicken Sie auf den Link, um die aktuelle Sprache zu \u00e4ndern.<\/p>Firearms United haluaa nostaa esiin 4 ehdokasta tulevissa vaaleissa, jotka ovat <strong>ansiokkaasti ja pitk\u00e4j\u00e4nteisesti vaikuttaneet positiivisesti harrastusmahdollisuuksien s\u00e4ilymiseen<\/strong> ja EU:n asedirektiivist\u00e4 koituvan vahingon minimoimiseksi. Alta l\u00f6yd\u00e4t supernelikkoon kuuluvat ehdokkaat ja lyhyen selostuksen siit\u00e4, kuinka he ovat paikkansa ansainneet.<\/p>\n<p>N\u00e4m\u00e4 ehdokkaat eroavat muista vaalitenttiin vastanneista ehdokkaista siin\u00e4, ett\u00e4 he ovat paikkansa ansaitakseen jo tehneet valtavasti ty\u00f6t\u00e4 ampumaurheilun, ker\u00e4ilyn, reservil\u00e4istoiminnan ja mets\u00e4styksen hyv\u00e4ksi, joten heille ohjattu \u00e4\u00e4ni menee varmasti harrastajien kannalta oikeaan osoitteeseen.<\/p>\n<p><strong>Jussi Halla-aho (ps)<\/strong><\/p>\n<p>Halla-aho on alan harrastajia ja toiminut eritt\u00e4in aktiivisesti Europarlamentissa direktiivin pahimpien <img decoding=\"async\" loading=\"lazy\" class=\"alignright wp-image-3050\" src=\"https:\/\/firearms-united.com\/wp-content\/uploads\/2019\/03\/halla-aho.jpg\" alt=\"\" width=\"421\" height=\"280\" srcset=\"https:\/\/www.firearms-united.com\/wp-content\/uploads\/2019\/03\/halla-aho.jpg 960w, https:\/\/www.firearms-united.com\/wp-content\/uploads\/2019\/03\/halla-aho-300x200.jpg 300w, https:\/\/www.firearms-united.com\/wp-content\/uploads\/2019\/03\/halla-aho-768x511.jpg 768w, https:\/\/www.firearms-united.com\/wp-content\/uploads\/2019\/03\/halla-aho-500x333.jpg 500w, https:\/\/www.firearms-united.com\/wp-content\/uploads\/2019\/03\/halla-aho-100x67.jpg 100w, https:\/\/www.firearms-united.com\/wp-content\/uploads\/2019\/03\/halla-aho-846x563.jpg 846w\" sizes=\"(max-width: 421px) 100vw, 421px\" \/>ep\u00e4kohtien poistamiseksi. T\u00e4m\u00e4 oli usean vuoden ty\u00f6rupeama ja asedirektiivin valmistumisen j\u00e4lkeen Halla-aho on vaikuttanut valiokuntak\u00e4sittelyn aikana esimerkiksi asiantuntijalausunnoilla. Lis\u00e4ksi Halla-aho oli j\u00e4rjest\u00e4m\u00e4ss\u00e4 konferenssia asedirektiivin toteutuksen aikana Brysseliss\u00e4 ja mahdollisti suomalaisten reservil\u00e4isten n\u00e4k\u00f6kulman esiin tuomisen kyseisess\u00e4 tilaisuudessa.<\/p>\n<p>&nbsp;<\/p>\n<p><strong>Jukka Kopra (kok)<img decoding=\"async\" loading=\"lazy\" class=\"alignright wp-image-3051\" src=\"https:\/\/firearms-united.com\/wp-content\/uploads\/2019\/03\/jukkakopra-karuselli-vaalikampanja-jukan-kuva-small.png\" alt=\"\" width=\"414\" height=\"395\" srcset=\"https:\/\/www.firearms-united.com\/wp-content\/uploads\/2019\/03\/jukkakopra-karuselli-vaalikampanja-jukan-kuva-small.png 608w, https:\/\/www.firearms-united.com\/wp-content\/uploads\/2019\/03\/jukkakopra-karuselli-vaalikampanja-jukan-kuva-small-300x286.png 300w, https:\/\/www.firearms-united.com\/wp-content\/uploads\/2019\/03\/jukkakopra-karuselli-vaalikampanja-jukan-kuva-small-500x477.png 500w, https:\/\/www.firearms-united.com\/wp-content\/uploads\/2019\/03\/jukkakopra-karuselli-vaalikampanja-jukan-kuva-small-100x95.png 100w\" sizes=\"(max-width: 414px) 100vw, 414px\" \/><\/strong><\/p>\n<p>Jukka Kopra on toiminut kansallisella tasolla eritt\u00e4in aktiivisesti asedirektiivin kansallisen toteutuksen j\u00e4rkev\u00f6itt\u00e4miseksi. Kopra on ollut vet\u00e4m\u00e4ss\u00e4 kansanedustajien ty\u00f6ryhm\u00e4\u00e4, joka on pit\u00e4nyt yhteytt\u00e4 harrastajaj\u00e4rjest\u00f6ihin, asiantuntijoihin ja virkamiehiin ja osa parannuksista joita l\u00e4pi menneess\u00e4 ampuma-aselaissa on verrattuna aiemmin julkaistuun luonnokseen on luettava t\u00e4m\u00e4n ty\u00f6ryhm\u00e4n ansioksi. Lis\u00e4ksi on syyt\u00e4 mainita, ett\u00e4 Kopra oli mukana ampumaradalla tutustuttamassa Mykk\u00e4st\u00e4 ja h\u00e4nen avustajiaan ampumaharrastukseen.<\/p>\n<p>&nbsp;<\/p>\n<p>&nbsp;<\/p>\n<p><strong>Reijo Hongisto (sin)<img decoding=\"async\" loading=\"lazy\" class=\"alignright wp-image-3049\" src=\"https:\/\/firearms-united.com\/wp-content\/uploads\/2019\/03\/hongisto_transparent-888x1024.png\" alt=\"\" width=\"414\" height=\"478\" srcset=\"https:\/\/www.firearms-united.com\/wp-content\/uploads\/2019\/03\/hongisto_transparent-888x1024.png 888w, https:\/\/www.firearms-united.com\/wp-content\/uploads\/2019\/03\/hongisto_transparent-260x300.png 260w, https:\/\/www.firearms-united.com\/wp-content\/uploads\/2019\/03\/hongisto_transparent-768x886.png 768w, https:\/\/www.firearms-united.com\/wp-content\/uploads\/2019\/03\/hongisto_transparent-500x577.png 500w, https:\/\/www.firearms-united.com\/wp-content\/uploads\/2019\/03\/hongisto_transparent-100x115.png 100w, https:\/\/www.firearms-united.com\/wp-content\/uploads\/2019\/03\/hongisto_transparent-846x976.png 846w, https:\/\/www.firearms-united.com\/wp-content\/uploads\/2019\/03\/hongisto_transparent.png 1139w\" sizes=\"(max-width: 414px) 100vw, 414px\" \/><\/strong><\/p>\n<p>Reijo Hongistolla on 40 vuoden kokemus ampuma-aseista, asetekniikasta, kouluttamisesta ja ampumaurheilusta. Hongisto on toiminut sinisten edustajana aselakity\u00f6ryhm\u00e4ss\u00e4 ja osa parannuksista joita l\u00e4pi menneess\u00e4 ampuma-aselaissa on verrattuna aiemmin julkaistuun luonnokseen on luettava t\u00e4m\u00e4n ty\u00f6ryhm\u00e4n ansioksi. Hongisto tuonut johdonmukaisesti esiin mielipiteens\u00e4 joka kerta kun aselakiehdotusta on k\u00e4sitelty eduskunnassa.<\/p>\n<p>&nbsp;<\/p>\n<p>&nbsp;<\/p>\n<p>&nbsp;<\/p>\n<p>&nbsp;<\/p>\n<p>&nbsp;<\/p>\n<p><strong>Mikko Savola (kesk)<img decoding=\"async\" loading=\"lazy\" class=\"alignright wp-image-3048\" src=\"https:\/\/firearms-united.com\/wp-content\/uploads\/2019\/03\/savola-1024x738.jpg\" alt=\"\" width=\"424\" height=\"306\" srcset=\"https:\/\/www.firearms-united.com\/wp-content\/uploads\/2019\/03\/savola.jpg 1024w, https:\/\/www.firearms-united.com\/wp-content\/uploads\/2019\/03\/savola-300x216.jpg 300w, https:\/\/www.firearms-united.com\/wp-content\/uploads\/2019\/03\/savola-768x554.jpg 768w, https:\/\/www.firearms-united.com\/wp-content\/uploads\/2019\/03\/savola-500x360.jpg 500w, https:\/\/www.firearms-united.com\/wp-content\/uploads\/2019\/03\/savola-100x72.jpg 100w, https:\/\/www.firearms-united.com\/wp-content\/uploads\/2019\/03\/savola-846x610.jpg 846w\" sizes=\"(max-width: 424px) 100vw, 424px\" \/><\/strong><\/p>\n<p>Mikko Savola on toiminut keskustan edustajana aselakity\u00f6ryhm\u00e4ss\u00e4 ja osa parannuksista joita l\u00e4pi menneess\u00e4 ampuma-aselaissa on verrattuna aiemmin julkaistuun luonnokseen on luettava t\u00e4m\u00e4n ty\u00f6ryhm\u00e4n ansioksi. Savola on toiminut aiemmin Reservil\u00e4isliitto ry:n puheenjohtajana, joten h\u00e4n on tuonut aktiivisesti reservil\u00e4isn\u00e4k\u00f6kulmaa aselakikeskusteluihin.<\/p>\n<p>&nbsp;","protected":false},"excerpt":{"rendered":"<p class=\"qtranxs-available-languages-message qtranxs-available-languages-message-de\">Leider ist der Eintrag nur auf <a href=\"https:\/\/www.firearms-united.com\/en\/wp-json\/wp\/v2\/posts\/3046\" class=\"qtranxs-available-language-link qtranxs-available-language-link-en\" title=\"English\">Amerikanisches Englisch<\/a> verf\u00fcgbar. Der Inhalt wird unten in einer verf\u00fcgbaren Sprache angezeigt. Klicken Sie auf den Link, um die aktuelle Sprache zu \u00e4ndern.<\/p>\n<p>Firearms United Finland &#8211; Eduskuntavaalien 2019 &#8222;supernelikko&#8220;: Nelj\u00e4 harrastajan asialla olevaa ehdokasta<\/p>\n","protected":false},"author":1985,"featured_media":0,"comment_status":"open","ping_status":"open","sticky":false,"template":"","format":"standard","meta":{"sfsi_plus_gutenberg_text_before_share":"","sfsi_plus_gutenberg_show_text_before_share":"","sfsi_plus_gutenberg_icon_type":"","sfsi_plus_gutenberg_icon_alignemt":"","sfsi_plus_gutenburg_max_per_row":""},"categories":[9,208,12],"tags":[],"_links":{"self":[{"href":"https:\/\/www.firearms-united.com\/de\/wp-json\/wp\/v2\/posts\/3046"}],"collection":[{"href":"https:\/\/www.firearms-united.com\/de\/wp-json\/wp\/v2\/posts"}],"about":[{"href":"https:\/\/www.firearms-united.com\/de\/wp-json\/wp\/v2\/types\/post"}],"author":[{"embeddable":true,"href":"https:\/\/www.firearms-united.com\/de\/wp-json\/wp\/v2\/users\/1985"}],"replies":[{"embeddable":true,"href":"https:\/\/www.firearms-united.com\/de\/wp-json\/wp\/v2\/comments?post=3046"}],"version-history":[{"count":2,"href":"https:\/\/www.firearms-united.com\/de\/wp-json\/wp\/v2\/posts\/3046\/revisions"}],"predecessor-version":[{"id":3053,"href":"https:\/\/www.firearms-united.com\/de\/wp-json\/wp\/v2\/posts\/3046\/revisions\/3053"}],"wp:attachment":[{"href":"https:\/\/www.firearms-united.com\/de\/wp-json\/wp\/v2\/media?parent=3046"}],"wp:term":[{"taxonomy":"category","embeddable":true,"href":"https:\/\/www.firearms-united.com\/de\/wp-json\/wp\/v2\/categories?post=3046"},{"taxonomy":"post_tag","embeddable":true,"href":"https:\/\/www.firearms-united.com\/de\/wp-json\/wp\/v2\/tags?post=3046"}],"curies":[{"name":"wp","href":"https:\/\/api.w.org\/{rel}","templated":true}]}}