{"id":1818,"date":"2016-11-20T16:11:35","date_gmt":"2016-11-20T15:11:35","guid":{"rendered":"http:\/\/firearms-united.com\/?p=1818"},"modified":"2016-12-02T20:40:55","modified_gmt":"2016-12-02T19:40:55","slug":"stepien","status":"publish","type":"post","link":"https:\/\/www.firearms-united.com\/es\/stepien\/","title":{"rendered":"Vibrante y \u00e9pico discurso de Tomasz W. St\u0119pie\u0144, presidente de FIREARMS UNITED"},"content":{"rendered":"<strong>El presidente de FIREARMS UNITED, Tomasz W. St\u0119pie\u0144, tuvo el honor de pronunciar los comentarios finales de la conferencia y lo hizo con cierta sa\u00f1a. Sus comentarios fueron probablemente el discurso m\u00e1s intenso y vibrante del d\u00eda.<\/strong><\/p>\n<p>Mientras que la correcci\u00f3n pol\u00edtica permite a los due\u00f1os de armas ser la \u00fanica parte de la sociedad que puede ser leg\u00edtimamente victimizada por ataques deliberados, los l\u00edderes pol\u00edticos anti-armas viven en sus torres de marfil rodeados de guardaespaldas armados, mientras planean el desarme de sus ciudadanos.<\/p>\n<div class=\"x-resp-embed x-is-video x-is-youtube\"><iframe loading=\"lazy\" width=\"846\" height=\"476\" src=\"https:\/\/www.youtube.com\/embed\/CRppFERs-BY?feature=oembed\" frameborder=\"0\" allow=\"accelerometer; autoplay; encrypted-media; gyroscope; picture-in-picture\" allowfullscreen><\/iframe><\/div>\n<p><!--more-->Nuestros pa\u00edses son cada vez m\u00e1s inseguros, tanto que los gobiernos deben recurrir al despliegue de los militares en nuestras calles, al mismo tiempo que estos escuchan las voces de los llamados \u00abexpertos\u00bb anti-armas como Jean-Luc Stassen, El director del Banco de Pruebas belga, quien recientemente fue arrestado por falsificar registros de destrucci\u00f3n de armas de fuego que posteriormente vend\u00eda en el mercado negro.<\/p>\n<p><strong>Es probable que el resultado de la conferencia refuerce la posici\u00f3n de los eurodiputados que se oponen a las restricciones<\/strong><\/p>\n<p>Como St\u0119pie\u0144 advirti\u00f3, si se aprobase alguna restricci\u00f3n, no importa cu\u00e1n diluida, el \u00fanico resultado ser\u00eda la introducci\u00f3n de nuevas regulaciones que no ser\u00edan aplicables sin desviar recursos valiosos de la lucha contra el tr\u00e1fico ilegal. El castigo colectivo a m\u00e1s de doscientos millones de ciudadanos europeos los alienar\u00eda hasta el punto de apoyar a los movimientos pol\u00edticos que abogan por la desintegraci\u00f3n de la UE tal como la conocemos; y teniendo en cuenta que la confianza de los ciudadanos europeos hacia las instituciones de la UE y sus gobiernos nacionales ha ido disminuyendo constantemente en los \u00faltimos a\u00f1os, esto es algo que ocurrir\u00e1 m\u00e1s que probablemente.<\/p>\n<p>Y dado que la Comisi\u00f3n Europea est\u00e1 tratando a todos los que est\u00e1n en desacuerdo con ellos sobre la prohibici\u00f3n de armas de la UE como \u00bb friquis, locos armados, racistas,est\u00fapidos, individuos agresivos, atrasados, anti-EU \u00ab, St\u0119pie\u0144 record\u00f3 a la CE que denominar as\u00ed a los oponentes es exactamente lo que le cost\u00f3 a Hillary Clinton la carrera presidencial de EE.UU. S\u00f3lo rebajando los insultos y evitando cualquier restricci\u00f3n evitar\u00e1 el \u00abefecto Trump\u00bb en Europa.<\/p>\n<p>Pod\u00e9is leer m\u00e1s en la publicaci\u00f3n de nuestro asociado GUNSweek: <a class=\"_553k\" href=\"http:\/\/www.gunsweek.com\/en\/events\/articles\/gun-rights-conference-european-parliament\" target=\"_blank\" rel=\"nofollow\">http:\/\/www.gunsweek.com\/en\/events\/articles\/gun-rights-conference-european-parliament<\/a><\/p>\n<p><a href=\"http:\/\/www.gunsweek.com\/sites\/default\/files\/archive\/events\/articles\/firearms-united-conference-brussels\/EU_Firearms_Directive_-_Firearms_United_remarks.pdf\">Directiva sobre armas de fuego &#8211; Firearms United observaciones \/ por Tomasz St\u0119pie\u0144<\/a><\/p>\n<p>Breve resumen de la evaluaci\u00f3n de impacto de FIREARMS UNITED: <a class=\"_553k\" href=\"http:\/\/bit.ly\/2fIAFru\" target=\"_blank\" rel=\"nofollow\">http:\/\/bit.ly\/2fIAFru<\/a><\/p>\n<p>Versi\u00f3n extendida: <a class=\"_553k\" href=\"http:\/\/bit.ly\/2fzOESO\" target=\"_blank\" rel=\"nofollow\">http:\/\/bit.ly\/2fzOESO<\/a><\/p>\n<p>Presentaci\u00f3n en Power Point de la evaluaci\u00f3n de impacto: <a class=\"_553k\" href=\"http:\/\/bit.ly\/2f3O4Jh\" target=\"_blank\" rel=\"nofollow\">http:\/\/bit.ly\/2f3O4Jh<\/a>","protected":false},"excerpt":{"rendered":"<p>Disculpa, pero esta entrada est\u00e1 disponible s\u00f3lo en Ingl\u00e9s Estadounidense. For the sake of viewer convenience, the content is shown below in the alternative language. You may click the link to switch the active language.Firearms United president Tomasz W. St\u0119pie\u0144 had the honor to deliver the final remarks of the conference, and did so with a vengeance. His remarks were &#8230; <a href=\"https:\/\/www.firearms-united.com\/es\/stepien\/\" class=\"more-link\">Read More<\/a><\/p>\n","protected":false},"author":5,"featured_media":1823,"comment_status":"open","ping_status":"open","sticky":false,"template":"","format":"standard","meta":{"sfsi_plus_gutenberg_text_before_share":"","sfsi_plus_gutenberg_show_text_before_share":"","sfsi_plus_gutenberg_icon_type":"","sfsi_plus_gutenberg_icon_alignemt":"","sfsi_plus_gutenburg_max_per_row":""},"categories":[11],"tags":[120,40,162,163],"_links":{"self":[{"href":"https:\/\/www.firearms-united.com\/es\/wp-json\/wp\/v2\/posts\/1818"}],"collection":[{"href":"https:\/\/www.firearms-united.com\/es\/wp-json\/wp\/v2\/posts"}],"about":[{"href":"https:\/\/www.firearms-united.com\/es\/wp-json\/wp\/v2\/types\/post"}],"author":[{"embeddable":true,"href":"https:\/\/www.firearms-united.com\/es\/wp-json\/wp\/v2\/users\/5"}],"replies":[{"embeddable":true,"href":"https:\/\/www.firearms-united.com\/es\/wp-json\/wp\/v2\/comments?post=1818"}],"version-history":[{"count":9,"href":"https:\/\/www.firearms-united.com\/es\/wp-json\/wp\/v2\/posts\/1818\/revisions"}],"predecessor-version":[{"id":1854,"href":"https:\/\/www.firearms-united.com\/es\/wp-json\/wp\/v2\/posts\/1818\/revisions\/1854"}],"wp:featuredmedia":[{"embeddable":true,"href":"https:\/\/www.firearms-united.com\/es\/wp-json\/wp\/v2\/media\/1823"}],"wp:attachment":[{"href":"https:\/\/www.firearms-united.com\/es\/wp-json\/wp\/v2\/media?parent=1818"}],"wp:term":[{"taxonomy":"category","embeddable":true,"href":"https:\/\/www.firearms-united.com\/es\/wp-json\/wp\/v2\/categories?post=1818"},{"taxonomy":"post_tag","embeddable":true,"href":"https:\/\/www.firearms-united.com\/es\/wp-json\/wp\/v2\/tags?post=1818"}],"curies":[{"name":"wp","href":"https:\/\/api.w.org\/{rel}","templated":true}]}}