{"id":2956,"date":"2018-11-05T10:40:47","date_gmt":"2018-11-05T09:40:47","guid":{"rendered":"https:\/\/firearms-united.com\/?p=2956"},"modified":"2018-11-05T10:40:47","modified_gmt":"2018-11-05T09:40:47","slug":"firearms-united-tem-sido-oficialmente-reconhecida-como-uma-organizacao-nao-governamental","status":"publish","type":"post","link":"https:\/\/www.firearms-united.com\/es\/firearms-united-tem-sido-oficialmente-reconhecida-como-uma-organizacao-nao-governamental\/","title":{"rendered":"Firearms United tem sido oficialmente reconhecida como uma organiza\u00e7\u00e3o n\u00e3o-governamental"},"content":{"rendered":"<p class=\"qtranxs-available-languages-message qtranxs-available-languages-message-es\">Disculpa, pero esta entrada est\u00e1 disponible s\u00f3lo en <a href=\"https:\/\/www.firearms-united.com\/pt\/wp-json\/wp\/v2\/posts\/2956\" class=\"qtranxs-available-language-link qtranxs-available-language-link-pt\" title=\"Portugu\u00eas\">Portugu\u00e9s De Portugal<\/a>. For the sake of viewer convenience, the content is shown below in the alternative language. You may click the link to switch the active language.<\/p>Hoje, a Firearms United\u00a0tem sido oficialmente reconhecida\u00a0como uma organiza\u00e7\u00e3o n\u00e3o-governamental (ONG), a qual fornece-a com uma ampla margem de manobra para defender o direito de possuir e usar armas a n\u00edvel internacional.<\/p>\n<p>As boas not\u00edcias foram anunciadas hoje na frente de batalha para a salvaguarda do nosso direito de possuir e usar armas, a Rede da Firearms United anunciou oficialmente o fim de um processo muito burocr\u00e1tico que trouxe a mudan\u00e7a ao seu estado jur\u00eddico.<\/p>\n<p><a href=\"https:\/\/firearms-united.com\/?utm_source=gunsweek&amp;utm_medium=textlink&amp;utm_campaign=Firearms+United&amp;utm_content=1743a&amp;utm_term=Firearms+United\">https:\/\/firearms-united.com\/<\/a><\/p>\n<p>A partir da sua funda\u00e7\u00e3o como uma organiza\u00e7\u00e3o nacional, sediada na Pol\u00f3nia, e constitu\u00edda como uma rede de coordena\u00e7\u00e3o informal para as associa\u00e7\u00f5es localizadas dentro de outros pa\u00edses e grupos que t\u00eam como fim a defesa o direito de possuir e usar armas, agora a Firearms United denomina-se\u00a0a Rede da Firearms United. A qual \u00e9 uma organiza\u00e7\u00e3o n\u00e3o-governamental (ONG) reconhecida com plena personalidade jur\u00eddica e estatutos publicados, \u00e9 constitu\u00edda para preservar o direito de possuir e usar armas de fogo na Europa e em pa\u00edses extra-comunit\u00e1rios, gra\u00e7as \u00e0 a\u00e7\u00e3o das suas organiza\u00e7\u00f5es federadas em pa\u00edses tais como: a Austr\u00e1lia, a \u00cdndia, o Peru e a \u00c1frica do Sul.<\/p>\n<p>&#8212;&#8212;&#8212;&#8212;&#8212;&#8212;&#8212;&#8212;&#8212;&#8212;&#8212;&#8212;&#8212;&#8212;&#8212;&#8212;&#8212;&#8212;&#8212;&#8212;&#8212;&#8212;&#8212;&#8212;&#8212;&#8212;&#8212;&#8212;&#8212;&#8212;&#8212;&#8212;&#8212;&#8212;&#8212;&#8212;&#8212;&#8212;&#8212;&#8212;&#8212;&#8212;&#8212;&#8212;&#8211;<\/p>\n<p>Uma mensagem do presidente da Rede da Firearms United Tomasz St\u0119pie\u0144:<\/p>\n<p>Exmos(as). Senhores(as).<\/p>\n<p>Tenho o prazer de lhes informar que temos conclu\u00eddo o processo de registo da Rede da Firearms United.<\/p>\n<p>A associa\u00e7\u00e3o \u00e9 constitu\u00edda como uma associa\u00e7\u00e3o de associa\u00e7\u00f5es.<\/p>\n<p>Est\u00e1 registada oficialmente ao Registo Nacional de Pessoas Coletivas na Pol\u00f3nia (KRS) e temos plena personalidade jur\u00eddica.<\/p>\n<p><a href=\"https:\/\/www.ms.gov.pl\/en\/national-registers\/national-court-register\/?utm_source=gunsweek&amp;utm_medium=textlink&amp;utm_campaign=Polish+National+Court+Register+%28KRS%29&amp;utm_content=1743b&amp;utm_term=Firearms+United\">https:\/\/www.ms.gov.pl\/en\/national-registers\/national-court-register\/<\/a><\/p>\n<p>Gostaria de lhes agradecer pelo seu apoio, confian\u00e7a e comprens\u00e3o durante os anos precedentes, j\u00e1 que precisavamos de ter bastante tempo para acabar com o registo.<\/p>\n<p>Felizmente, alcan\u00e7\u00e1mos este marco decisivo e agora podemos focar o nosso trabalho nos propriet\u00e1rios de armas legais.<\/p>\n<p>Os nossos seguidores t\u00eam-nos perguntado v\u00e1rias vezes: \u00abQuando ser\u00e1 poss\u00edvel juntar-me \u00e0 Firearms United?\u00bb<\/p>\n<p>Abriremos o processo de inscri\u00e7\u00e3o \u00e0 nossa associa\u00e7\u00e3o dentro dos pr\u00f3ximos dias, s\u00f3 precisamos de ter tempo adicional para algumas formalidades, para arranjar a conta banc\u00e1ria e o modelo de inscri\u00e7\u00e3o etc.<\/p>\n<p>Esta noite, os nossos estatutos ser\u00e3o publicados, para que toda a gente possa l\u00ea-los.<\/p>\n<p>Em primeiro lugar, lan\u00e7aremos o processo de inscri\u00e7\u00e3o, e a quota anual custar\u00e1 25 euros.<\/p>\n<p>&nbsp;<\/p>\n<p>&nbsp;<\/p>\n<p>&#8212;&#8212;&#8212;&#8212;&#8212;&#8212;&#8212;&#8212;&#8212;&#8212;&#8212;&#8212;&#8212;&#8212;&#8212;&#8212;&#8212;&#8212;&#8212;&#8212;&#8212;&#8212;&#8212;&#8212;&#8212;&#8212;&#8212;&#8212;&#8212;&#8212;&#8212;&#8212;&#8212;&#8212;&#8212;&#8212;&#8212;&#8212;&#8212;&#8212;&#8212;&#8212;&#8212;&#8212;&#8211;<strong>Os \u00d3rg\u00e3os Sociais da Rede da Firearms United (tempor\u00e1rios at\u00e9 a primeira convoca\u00e7\u00e3o da Assembl\u00e9ia Geral) s\u00e3o:<\/strong><\/p>\n<p>Tomasz W. St\u0119pie\u0144 \u2013 \u00a0Presidente. \u00a0\u00a0\u00a0\u00a0\u00a0\u00a0Tel: 00 48 660 792 79<br \/>\nCorreio Electr\u00f3nico:\u00a0<a href=\"mailto:Tomasz.stepien@firearms-united.com\">Tomasz.stepien@firearms-united.com<\/a><\/p>\n<p>Filip Kwiatkowski\u00a0\u00a0\u00a0 \u2013 \u00a0Vice-presidente<br \/>\nCorreio Electr\u00f3nico:\u00a0<a href=\"mailto:filip.kwiatkowski@firearms-united.com\">filip.kwiatkowski@firearms-united.com<\/a><\/p>\n<p>Jaros\u0142aw Walczuk\u00a0 \u00a0\u2013 \u00a0Tesoureiro<br \/>\nCorreio Electr\u00f3nico:\u00a0<a href=\"mailto:jaroslaw.walczuk@firearms-united.com\">jaroslaw.walczuk@firearms-united.com<\/a><\/p>\n<p>&#8212;&#8212;&#8212;&#8212;&#8212;&#8212;&#8212;&#8212;&#8212;&#8212;&#8212;&#8212;&#8212;&#8212;&#8212;&#8212;&#8212;&#8212;&#8212;&#8212;&#8212;&#8212;&#8212;&#8212;&#8212;&#8212;&#8212;&#8212;&#8212;&#8212;&#8212;&#8212;&#8212;&#8212;&#8212;&#8212;&#8212;&#8212;&#8212;&#8212;&#8212;&#8212;&#8212;&#8212;&#8211;<\/p>\n<p>A altera\u00e7\u00e3o ao seu estado jur\u00eddico, abrir\u00e1 o caminho a uma abordagem mais viva e mais incisiva na defesa do direito de possuir e usar armas na Europa e em pa\u00edses extra-comunit\u00e1rios, tamb\u00e9m permitir\u00e1 que os seus seguidores possam ser s\u00f3cios.<\/p>\n<p>Os propriet\u00e1rios de armas e todos os cidad\u00e3os que apoiam o direito de possuir e usar armas estar\u00e3o capazes de fornecer o seu apoio diretamente \u00e0 Rede da Firearms United.<\/p>\n<p>Entretanto, a Firearms United insta que eles sejam s\u00f3cios das suas associa\u00e7\u00f5es nacionais que est\u00e3o federadas \u00e0 Rede da Firearms United, se exisitirem, para que o direito de possuir e usar armas possa ser protegido ao n\u00edvel nacional.<\/p>\n<p>&#8212;&#8212;&#8212;&#8212;&#8212;&#8212;&#8212;&#8212;&#8212;&#8212;&#8212;&#8212;&#8212;&#8212;&#8212;&#8212;&#8212;&#8212;&#8212;&#8212;&#8212;&#8212;&#8212;&#8212;&#8212;&#8212;&#8212;&#8212;&#8212;&#8212;&#8212;&#8212;&#8212;&#8212;&#8212;&#8212;&#8212;&#8212;&#8212;&#8212;&#8212;&#8212;&#8212;&#8212;&#8211;<\/p>\n<p>O registo oficial da Firearms United como uma ONG est\u00e1 dispon\u00edvel aqui&#8230;<\/p>\n<p><a href=\"https:\/\/www.gunsweek.com\/sites\/default\/files\/archive\/contents\/current\/news\/firearms-united-becomes-ngo-institution\/FURegistrationDocs.pdf\">https:\/\/www.gunsweek.com\/sites\/default\/files\/archive\/contents\/current\/news\/firearms-united-becomes-ngo-institution\/FURegistrationDocs.pdf<\/a><\/p>\n<p>Desde a luta contra a proibi\u00e7\u00e3o de armas da Uni\u00e3o Europeia at\u00e9 a iniciativa CarryNow (Porta j\u00e1!), a Rede da Firearms United tem estado a lutar arduamente pelos direitos dos propriet\u00e1rios de armas legais na Europa: j\u00e1 chegou o momento de elevar o n\u00edvel!<\/p>\n<p>A rea\u00e7\u00e3o do movimento pelo controlo das armas e os meios de comunica\u00e7\u00e3o que apoiam-no \u00e0s iniciativas da Firearms United, a partir da sua confer\u00eancia que teve lugar ao Parlamento Europeu em 16 de Novembro de 2016, demonstra o que os desarmamentistas temem; um movimento bem organizado e bem representado, contando com um vasto apoio, que luta contra os seus advers\u00e1rios a n\u00edvel nacional e internacional. Por exemplo, em situa\u00e7\u00f5es onde h\u00e1 propostas que t\u00eam sido apresentadas pela Uni\u00e3o Europeia ou as Na\u00e7\u00f5es Unidas.<\/p>\n<p><a href=\"https:\/\/www.gunsweek.com\/en\/current\/news\/firearms-united-hold-firearms-directive-conference-brussels\">https:\/\/www.gunsweek.com\/en\/current\/news\/firearms-united-hold-firearms-directive-conference-brussels<\/a><\/p>\n<p>&#8212;&#8212;&#8212;&#8212;&#8212;&#8212;&#8212;&#8212;&#8212;&#8212;&#8212;&#8212;&#8212;&#8212;&#8212;&#8212;&#8212;&#8212;&#8212;&#8212;&#8212;&#8212;&#8212;&#8212;&#8212;&#8212;&#8212;&#8212;&#8212;&#8212;&#8212;&#8212;&#8212;&#8212;&#8212;&#8212;&#8212;&#8212;&#8212;&#8212;&#8212;&#8212;&#8212;&#8212;&#8211;<\/p>\n<p>O seu apoio \u00e9 indespens\u00e1vel, agora mais do que nunca, \u00e9 necess\u00e1rio que tenhamos uma defesa robusta dos nossos direitos, dos nossos desportos e dos nossos passatempos a n\u00edvel local, nacional e internacional, se quisermos preserv\u00e1-los para as gera\u00e7\u00f5es futuras.<\/p>\n<p>Se for adequadamente apoiada; este movimento que tem como fim a defesa do direito de possuir e usar armas ter\u00e1 tudo o potencial de ser t\u00e3o poderoso como\u00a0o lend\u00e1rio \u00abl\u00f3bi das armas\u00bb da Am\u00e9rica.<\/p>\n<p>E os desarmamentistas que est\u00e3o contra o diretio de possuir e usar armas n\u00e3o podem aguentar com o pensamento puro disso; causa-lhes arrepios!<\/p>\n<p>Vamos l\u00e1!<\/p>\n<p>https:\/\/home.nra.org\/?utm_source=gunsweek&#038;utm_medium=textlink&#038;utm_campaign=legendary+%22gun+rights+lobby%22+of+America&#038;utm_content=1743f&#038;utm_term=Firearms+United","protected":false},"excerpt":{"rendered":"<p class=\"qtranxs-available-languages-message qtranxs-available-languages-message-es\">Disculpa, pero esta entrada est\u00e1 disponible s\u00f3lo en <a href=\"https:\/\/www.firearms-united.com\/pt\/wp-json\/wp\/v2\/posts\/2956\" class=\"qtranxs-available-language-link qtranxs-available-language-link-pt\" title=\"Portugu\u00eas\">Portugu\u00e9s De Portugal<\/a>. For the sake of viewer convenience, the content is shown below in the alternative language. You may click the link to switch the active language.<\/p>\n<p>Firearms United has officially become NGO!<\/p>\n","protected":false},"author":1985,"featured_media":2957,"comment_status":"open","ping_status":"open","sticky":false,"template":"","format":"standard","meta":{"sfsi_plus_gutenberg_text_before_share":"","sfsi_plus_gutenberg_show_text_before_share":"","sfsi_plus_gutenberg_icon_type":"","sfsi_plus_gutenberg_icon_alignemt":"","sfsi_plus_gutenburg_max_per_row":""},"categories":[8,9,2],"tags":[73,205],"_links":{"self":[{"href":"https:\/\/www.firearms-united.com\/es\/wp-json\/wp\/v2\/posts\/2956"}],"collection":[{"href":"https:\/\/www.firearms-united.com\/es\/wp-json\/wp\/v2\/posts"}],"about":[{"href":"https:\/\/www.firearms-united.com\/es\/wp-json\/wp\/v2\/types\/post"}],"author":[{"embeddable":true,"href":"https:\/\/www.firearms-united.com\/es\/wp-json\/wp\/v2\/users\/1985"}],"replies":[{"embeddable":true,"href":"https:\/\/www.firearms-united.com\/es\/wp-json\/wp\/v2\/comments?post=2956"}],"version-history":[{"count":1,"href":"https:\/\/www.firearms-united.com\/es\/wp-json\/wp\/v2\/posts\/2956\/revisions"}],"predecessor-version":[{"id":2958,"href":"https:\/\/www.firearms-united.com\/es\/wp-json\/wp\/v2\/posts\/2956\/revisions\/2958"}],"wp:featuredmedia":[{"embeddable":true,"href":"https:\/\/www.firearms-united.com\/es\/wp-json\/wp\/v2\/media\/2957"}],"wp:attachment":[{"href":"https:\/\/www.firearms-united.com\/es\/wp-json\/wp\/v2\/media?parent=2956"}],"wp:term":[{"taxonomy":"category","embeddable":true,"href":"https:\/\/www.firearms-united.com\/es\/wp-json\/wp\/v2\/categories?post=2956"},{"taxonomy":"post_tag","embeddable":true,"href":"https:\/\/www.firearms-united.com\/es\/wp-json\/wp\/v2\/tags?post=2956"}],"curies":[{"name":"wp","href":"https:\/\/api.w.org\/{rel}","templated":true}]}}