{"id":1758,"date":"2016-11-19T17:10:04","date_gmt":"2016-11-19T16:10:04","guid":{"rendered":"http:\/\/firearms-united.com\/?p=1758"},"modified":"2019-10-12T19:27:27","modified_gmt":"2019-10-12T17:27:27","slug":"ar15-ak47-ban","status":"publish","type":"post","link":"https:\/\/www.firearms-united.com\/et\/ar15-ak47-ban\/","title":{"rendered":"New attempt from the EU commission to ban specifically AK47 and AR15 families of Firearms"},"content":{"rendered":"<p class=\"qtranxs-available-languages-message qtranxs-available-languages-message-et\">Vabandame, see kanne on saadaval ainult %LANG : ja %. For the sake of viewer convenience, the content is shown below in this site default language. You may click one of the links to switch the site language to another available language.<\/p>The cat is out of the bag now&#8230;<\/p>\n<p><span data-ft=\"{&quot;tn&quot;:&quot;K&quot;}\"><span class=\"UFICommentBody _1n4g\">New attempt (16.11.2016!) by the EU commission to ban specifically:<\/span><\/span><\/p>\n<ul>\n<li>Civilian firearms of &#8220;AR 15 family&#8221;, also derivates<\/li>\n<li>Civilian firearms of &#8220;AK47 family&#8221;, also derivates<\/li>\n<li>ALL detachable magazines above 10 rounds (also for handguns, repeating-firearms, rimfires etc.)<\/li>\n<li>Strong regulation of magazines and semi-automatic firearms<\/li>\n<li>Stricest evaluation of exemptions<\/li>\n<li>Immediate decision on bans, since &#8220;EU citizens&#8221; demand more protection!<\/li>\n<\/ul>\n<p>Sourced from EU commission document, 16. November 2016, published on Website of Austrian Parliament: <a href=\"https:\/\/www.parlament.gv.at\/PAKT\/EU\/XXV\/EU\/12\/28\/EU_122858\/imfname_10671764.pdf\" target=\"_blank\" rel=\"noopener noreferrer\">Link<\/a><\/p>\n<p>This article is avaiable in six languages:<\/p>\n<p><!--more--><\/p>\n<p>CZ: Nov\u00fd pokus Eropsk\u00e9 komise prosadit z\u00e1kaz zbran\u00ed typu AK47 a AR15 a jejich klony<br \/>\n<a href=\"http:\/\/firearms-united.com\/cz\/2016\/11\/19\/ar15-ak47-ban\/\" target=\"_blank\" rel=\"nofollow noopener noreferrer\">http:\/\/firearms-united.com\/cz\/2016\/11\/19\/ar15-ak47-ban\/<\/a><\/p>\n<div class=\"text_exposed_show\">\n<p>FR: Fusils d\u2019assaut semi-auto d\u00e9riv\u00e9s de la famille des AK47 et des AR15 doivent \u00eatre bannis<br \/>\n<a href=\"http:\/\/firearms-united.com\/fr\/2016\/11\/19\/ar15-ak47-ban\/\" target=\"_blank\" rel=\"nofollow noopener noreferrer\">http:\/\/firearms-united.com\/fr\/2016\/11\/19\/ar15-ak47-ban\/<\/a><\/p>\n<p>ES: La Comisi\u00f3n Europea se ha quitado finalmente la careta.<br \/>\n<a href=\"http:\/\/firearms-united.com\/es\/2016\/11\/19\/ar15-ak47-ban\/\" target=\"_blank\" rel=\"nofollow noopener noreferrer\">http:\/\/firearms-united.com\/es\/2016\/11\/19\/ar15-ak47-ban\/<\/a><\/p>\n<p>DE: Neuer Versuch der EU-Kommission, explizit zivile Waffen der Familien \u201eAR 15\u201c und \u201eAK 47\u201c zu verbieten<br \/>\n<a href=\"http:\/\/firearms-united.com\/de\/2016\/11\/19\/ar15-ak47-ban\/\" target=\"_blank\" rel=\"nofollow noopener noreferrer\">http:\/\/firearms-united.com\/de\/2016\/11\/19\/ar15-ak47-ban\/<\/a><\/p>\n<p>PT: Nova tentativa da Comiss\u00e3o da UE para proibir especificamente as Armas de Fogo das fam\u00edlias AK47 e AR15<br \/>\n<a href=\"http:\/\/firearms-united.com\/pt\/2016\/11\/19\/ar15-ak47-ban\/\" target=\"_blank\" rel=\"nofollow noopener noreferrer\">http:\/\/firearms-united.com\/pt\/2016\/11\/19\/ar15-ak47-ban\/<\/a><\/p>\n<p>RO:\u00a0Noua tentativ\u0103 din partea Comisiei UE de a interzice \u00een mod specific armele de tip AK47 \u0219i AR15 precum si derivatele din familia acestora<br \/>\n<a href=\"https:\/\/firearms-united.com\/ro\/2016\/11\/19\/ar15-ak47-ban\/\">https:\/\/firearms-united.com\/ro\/2016\/11\/19\/ar15-ak47-ban\/<\/a><\/p>\n<\/div>\n<p>Read our <strong><a href=\"http:\/\/firearms-united.com\/2016\/07\/13\/no-hc-mag-ban\/\">arguments against magazin ban<\/a><\/strong><\/p>\n<p><strong>PLEASE share with all European firearms associations, and if possible, translate the contents into other languages. Share with your colleagues and friends.<\/strong><\/p>\n<p>Original text:<br \/>\n<em>Following two trilogue meetings, the co-legislators were still unable to agree on the revision of the Firearms Directive. These negotiations must be unblocked to take military grade assault weapons off the streets including those converted to semi-automatic use. The Commission&#8217;s position is clear that semi-automatic assault weapons derived from the &#8220;AK 47 Kalashnikov family&#8221; and the &#8220;AR 15 family&#8221; should be banned for civilian use given that they were designed for military use. Magazine sizes for short and long firearms should be limited to 10 rounds and should be subject to authorization and stringent checks and any derogation should be strictly limited and tightly controlled. EU citizens expect swift progress in this area to ensure their protection, so we must reach agreement before the end of 2016 on this key piece of legislation. In parallel, the Commission will launch a renewed push to clamp down on the illegal firearms trade including at the EU\/Western Balkans Justice and Home Affairs Ministers&#8217; Conference on 15-16 December.<\/em><\/p>\n<p>It seems that the pressure is on now, and commission is getting bad publicity and crying about &#8220;delayed&#8221; firearms directive. However, in this the commission only has itself to blame, due to poorly drafted proposal, which they have not been able to this date, provide any justification for.<br \/>\nPhotograph courtesy of Oleg Volk","protected":false},"excerpt":{"rendered":"<p>Vabandame, see kanne on saadaval ainult %LANG : ja %. For the sake of viewer convenience, the content is shown below in the alternative language. You may click the link to switch the active language.The cat is out of the bag now&#8230; New attempt (16.11.2016!) by the EU commission to ban specifically: Civilian firearms of &#8220;AR 15 family&#8221;, also derivates &#8230; <a href=\"https:\/\/www.firearms-united.com\/et\/ar15-ak47-ban\/\" class=\"more-link\">Read More<\/a><\/p>\n","protected":false},"author":1985,"featured_media":1759,"comment_status":"open","ping_status":"open","sticky":false,"template":"","format":"standard","meta":{"sfsi_plus_gutenberg_text_before_share":"","sfsi_plus_gutenberg_show_text_before_share":"","sfsi_plus_gutenberg_icon_type":"","sfsi_plus_gutenberg_icon_alignemt":"","sfsi_plus_gutenburg_max_per_row":""},"categories":[11],"tags":[57,97,40,93,34,62,139],"_links":{"self":[{"href":"https:\/\/www.firearms-united.com\/et\/wp-json\/wp\/v2\/posts\/1758"}],"collection":[{"href":"https:\/\/www.firearms-united.com\/et\/wp-json\/wp\/v2\/posts"}],"about":[{"href":"https:\/\/www.firearms-united.com\/et\/wp-json\/wp\/v2\/types\/post"}],"author":[{"embeddable":true,"href":"https:\/\/www.firearms-united.com\/et\/wp-json\/wp\/v2\/users\/1985"}],"replies":[{"embeddable":true,"href":"https:\/\/www.firearms-united.com\/et\/wp-json\/wp\/v2\/comments?post=1758"}],"version-history":[{"count":18,"href":"https:\/\/www.firearms-united.com\/et\/wp-json\/wp\/v2\/posts\/1758\/revisions"}],"predecessor-version":[{"id":3196,"href":"https:\/\/www.firearms-united.com\/et\/wp-json\/wp\/v2\/posts\/1758\/revisions\/3196"}],"wp:featuredmedia":[{"embeddable":true,"href":"https:\/\/www.firearms-united.com\/et\/wp-json\/wp\/v2\/media\/1759"}],"wp:attachment":[{"href":"https:\/\/www.firearms-united.com\/et\/wp-json\/wp\/v2\/media?parent=1758"}],"wp:term":[{"taxonomy":"category","embeddable":true,"href":"https:\/\/www.firearms-united.com\/et\/wp-json\/wp\/v2\/categories?post=1758"},{"taxonomy":"post_tag","embeddable":true,"href":"https:\/\/www.firearms-united.com\/et\/wp-json\/wp\/v2\/tags?post=1758"}],"curies":[{"name":"wp","href":"https:\/\/api.w.org\/{rel}","templated":true}]}}