{"id":3055,"date":"2019-03-24T19:59:37","date_gmt":"2019-03-24T18:59:37","guid":{"rendered":"https:\/\/firearms-united.com\/?p=3055"},"modified":"2019-03-26T10:47:00","modified_gmt":"2019-03-26T09:47:00","slug":"vaaliase2019","status":"publish","type":"post","link":"https:\/\/www.firearms-united.com\/et\/vaaliase2019\/","title":{"rendered":"Firearms United Finland \u2013  Harrastajien Vaaliase vuoden 2019 eduskuntavaaleihin"},"content":{"rendered":"<p class=\"qtranxs-available-languages-message qtranxs-available-languages-message-et\">Vabandame, see kanne on saadaval ainult %LANG : ja %. For the sake of viewer convenience, the content is shown below in the alternative language. You may click the link to switch the active language.<\/p>Arvoisa ammunnan harrastaja, mets\u00e4st\u00e4j\u00e4, ampumaurheilija tai reservil\u00e4inen &#8211; olet varmasti huomannut ett\u00e4 rakkaaseen harrastukseesi kohdistuu kasvava paine lains\u00e4\u00e4t\u00e4jien sek\u00e4 virkamiesten puolelta sek\u00e4 EU- ett\u00e4 kansallisella tasolla ja ilman vaadittavaa teknist\u00e4 asiantuntemusta laaditut hy\u00f6dytt\u00f6m\u00e4t ja oikeudettomasti lainkuuliaisiin harrastajiin kohdistuvat rajoitteet ja lis\u00e4\u00e4ntynyt byrokratia tuntuvat tulleen j\u00e4\u00e4d\u00e4kseen.<\/p>\n<p><strong>Nyt sinulla on mahdollisuus vaikuttaa ammunnan harrastamisen tulevaisuuteen Suomessa \u00e4\u00e4nest\u00e4m\u00e4ll\u00e4 2019 eduskuntavaaleissa. Suomessa on l\u00e4hes 700\u00a0000 harrastajaa, joten kyseess\u00e4 on melkoinen \u00e4\u00e4nim\u00e4\u00e4r\u00e4.<\/strong><\/p>\n<p>Jos ehdokkaan asemy\u00f6nteinen suhtautuminen on er\u00e4s \u00e4\u00e4nestyskriteereist\u00e4si, niin olemme tehneet ty\u00f6t\u00e4 \u00e4\u00e4nestysp\u00e4\u00e4t\u00f6ksen helpottamiseksi toteuttamalla vaalitentin ja pisteytt\u00e4m\u00e4ll\u00e4 vastaukset vaalipiireitt\u00e4in. Meill\u00e4 on poliittiset tavoiteet, sill\u00e4 mielest\u00e4mme mit\u00e4 enemm\u00e4n harrastajia Arkadianm\u00e4ell\u00e4 vaikuttaa, sit\u00e4 todenn\u00e4k\u00f6isemp\u00e4\u00e4 on harrastusten jatkuminen nykyisess\u00e4 laajuudessaan maassamme. Kysely oli avoin kaikille ehdokkaille puolueeseen katsomatta ja mittaa ainoastaan ehdokkaan harrastusmy\u00f6nteisyytt\u00e4 sek\u00e4 asiantuntemusta aselain ja asetekniikan osalta. Tietoja ehdokkaiden suhtautumisesta p\u00e4iv\u00e4hoitomaksuihin, ilmastonmuutokseen, yksityisautoiluun, maahanmuuttoon, poronhoitoon, ruotsin kielen asemaan tai esimerkiksi umpihankihiihtoon l\u00f6ytyy sitten jostain ihan muualta.<\/p>\n<p>Firearms United Finland on poliittisesti sitoutumaton aseturvallisuutta ja vastuullista ammunnan harrastamista edist\u00e4v\u00e4 j\u00e4rjest\u00f6, joka toimii ilman toiminta-avustuksia p\u00e4\u00e4asiassa talkoovoimin ollen n\u00e4in riippumaton ja puoluepoliittisesti neutraali.<\/p>\n<p>Varsinaisten tulosten lis\u00e4ksi haluamme nostaa esiin &#8220;Supernelikon&#8221; &#8211; <a href=\"https:\/\/firearms-united.com\/elections2019-supernelikko\/\">4 harrastajan etuja aktiivisesti ajanutta ehdokasta<\/a><\/p>\n<p>Vaalikoneen vastausten pisteytysperusteet l\u00f6yd\u00e4t <a href=\"https:\/\/firearms-united.com\/firearms-united-finland-vaalitentin-kysymykset-ja-pisteytysperusteet\/\">t\u00e4\u00e4lt\u00e4.<\/a><\/p>\n<p>Firearms Unitedin vaalikoneen tulokset l\u00f6yd\u00e4t alta:<\/p>\n<p>(Tulokset: 24.3.2019 menness\u00e4 vastanneet ehdokkaat)<\/p>\n<table style=\"height: 4000px;\" border=\"0\" width=\"949\" cellspacing=\"0\">\n<colgroup span=\"4\" width=\"85\"><\/colgroup>\n<tbody>\n<tr>\n<td align=\"left\" height=\"17\"><strong><span style=\"font-family: Liberation Serif;\">Pisteet<\/span><\/strong><\/td>\n<td align=\"left\"><strong><span style=\"font-family: Liberation Serif;\">Ehdokas<\/span><\/strong><\/td>\n<td align=\"left\"><strong><span style=\"font-family: Liberation Serif;\">Puolue<\/span><\/strong><\/td>\n<td align=\"left\"><strong><span style=\"font-family: Liberation Serif;\">Vaalipiiri<\/span><\/strong><\/td>\n<\/tr>\n<tr>\n<td align=\"right\" height=\"32\"><span style=\"font-family: Liberation Serif;\">170<\/span><\/td>\n<td align=\"left\"><span style=\"font-family: Liberation Serif;\">Jussi Halla-aho<\/span><\/td>\n<td align=\"left\"><span style=\"font-family: Liberation Serif;\">Perussuomalaiset<\/span><\/td>\n<td align=\"left\"><span style=\"font-family: Liberation Serif;\">Helsingin vaalipiiri<\/span><\/td>\n<\/tr>\n<tr>\n<td align=\"right\" height=\"32\"><span style=\"font-family: Liberation Serif;\">165<\/span><\/td>\n<td align=\"left\"><span style=\"font-family: Liberation Serif;\">Reijo Hongisto<\/span><\/td>\n<td align=\"left\"><span style=\"font-family: Liberation Serif;\">Sininen tulevaisuus rp<\/span><\/td>\n<td align=\"left\"><span style=\"font-family: Liberation Serif;\">Vaasan vaalipiiri<\/span><\/td>\n<\/tr>\n<tr>\n<td align=\"right\" height=\"47\"><span style=\"font-family: Liberation Serif;\">155<\/span><\/td>\n<td align=\"left\"><span style=\"font-family: Liberation Serif;\">Jukka Kopra<\/span><\/td>\n<td align=\"left\"><span style=\"font-family: Liberation Serif;\">Kokoomus<\/span><\/td>\n<td align=\"left\"><span style=\"font-family: Liberation Serif;\">Kaakkois-Suomen vaalipiiri<\/span><\/td>\n<\/tr>\n<tr>\n<td align=\"right\" height=\"32\"><span style=\"font-family: Liberation Serif;\">145<\/span><\/td>\n<td align=\"left\"><span style=\"font-family: Liberation Serif;\">Jukka Sassi<\/span><\/td>\n<td align=\"left\"><span style=\"font-family: Liberation Serif;\">Perussuomalaiset<\/span><\/td>\n<td align=\"left\"><span style=\"font-family: Liberation Serif;\">Uudenmaan vaalipiiri<\/span><\/td>\n<\/tr>\n<tr>\n<td align=\"right\" height=\"32\"><span style=\"font-family: Liberation Serif;\">140<\/span><\/td>\n<td align=\"left\"><span style=\"font-family: Liberation Serif;\">Jouni Tirkkonen<\/span><\/td>\n<td align=\"left\"><span style=\"font-family: Liberation Serif;\">Perussuomalaiset<\/span><\/td>\n<td align=\"left\"><span style=\"font-family: Liberation Serif;\">Uudenmaan vaalipiiri<\/span><\/td>\n<\/tr>\n<tr>\n<td align=\"right\" height=\"47\"><span style=\"font-family: Liberation Serif;\">140<\/span><\/td>\n<td align=\"left\"><span style=\"font-family: Liberation Serif;\">Mika Koivisto<\/span><\/td>\n<td align=\"left\"><span style=\"font-family: Liberation Serif;\">Perussuomalaiset<\/span><\/td>\n<td align=\"left\"><span style=\"font-family: Liberation Serif;\">Varsinais-Suomen vaalipiiri<\/span><\/td>\n<\/tr>\n<tr>\n<td align=\"right\" height=\"32\"><span style=\"font-family: Liberation Serif;\">130<\/span><\/td>\n<td align=\"left\"><span style=\"font-family: Liberation Serif;\">Teemu Lahtinen<\/span><\/td>\n<td align=\"left\"><span style=\"font-family: Liberation Serif;\">Perussuomalaiset<\/span><\/td>\n<td align=\"left\"><span style=\"font-family: Liberation Serif;\">Uudenmaan vaalipiiri<\/span><\/td>\n<\/tr>\n<tr>\n<td align=\"right\" height=\"32\"><span style=\"font-family: Liberation Serif;\">130<\/span><\/td>\n<td align=\"left\"><span style=\"font-family: Liberation Serif;\">Mika hiltunen<\/span><\/td>\n<td align=\"left\"><span style=\"font-family: Liberation Serif;\">Perussuomalaiset<\/span><\/td>\n<td align=\"left\"><span style=\"font-family: Liberation Serif;\">Savo-Karjalan vaalipiiri<\/span><\/td>\n<\/tr>\n<tr>\n<td align=\"right\" height=\"32\"><span style=\"font-family: Liberation Serif;\">125<\/span><\/td>\n<td align=\"left\"><span style=\"font-family: Liberation Serif;\">Juha Vuorio<\/span><\/td>\n<td align=\"left\"><span style=\"font-family: Liberation Serif;\">Perussuomalaiset<\/span><\/td>\n<td align=\"left\"><span style=\"font-family: Liberation Serif;\">Oulun vaalipiiri<\/span><\/td>\n<\/tr>\n<tr>\n<td align=\"right\" height=\"32\"><span style=\"font-family: Liberation Serif;\">125<\/span><\/td>\n<td align=\"left\"><span style=\"font-family: Liberation Serif;\">Veli-Pekka Nurmi<\/span><\/td>\n<td align=\"left\"><span style=\"font-family: Liberation Serif;\">Kokoomus<\/span><\/td>\n<td align=\"left\"><span style=\"font-family: Liberation Serif;\">Varsinais-Suomen vaalipiiri<\/span><\/td>\n<\/tr>\n<tr>\n<td align=\"right\" height=\"32\"><span style=\"font-family: Liberation Serif;\">125<\/span><\/td>\n<td align=\"left\"><span style=\"font-family: Liberation Serif;\">Jouni Kaskiharju<\/span><\/td>\n<td align=\"left\"><span style=\"font-family: Liberation Serif;\">Perussuomalaiset<\/span><\/td>\n<td align=\"left\"><span style=\"font-family: Liberation Serif;\">Uudenmaan vaalipiiri<\/span><\/td>\n<\/tr>\n<tr>\n<td align=\"right\" height=\"32\"><span style=\"font-family: Liberation Serif;\">120<\/span><\/td>\n<td align=\"left\"><span style=\"font-family: Liberation Serif;\">Marko T\u00f6rh\u00f6nen<\/span><\/td>\n<td align=\"left\"><span style=\"font-family: Liberation Serif;\">Perussuomalaiset<\/span><\/td>\n<td align=\"left\"><span style=\"font-family: Liberation Serif;\">Pirkanmaan vaalipiiri<\/span><\/td>\n<\/tr>\n<tr>\n<td align=\"right\" height=\"32\"><span style=\"font-family: Liberation Serif;\">120<\/span><\/td>\n<td align=\"left\"><span style=\"font-family: Liberation Serif;\">Pia Kopra<\/span><\/td>\n<td align=\"left\"><span style=\"font-family: Liberation Serif;\">Perussuomalaiset rp<\/span><\/td>\n<td align=\"left\"><span style=\"font-family: Liberation Serif;\">Helsingin vaalipiiri<\/span><\/td>\n<\/tr>\n<tr>\n<td align=\"right\" height=\"47\"><span style=\"font-family: Liberation Serif;\">120<\/span><\/td>\n<td align=\"left\"><span style=\"font-family: Liberation Serif;\">Juho Eerola<\/span><\/td>\n<td align=\"left\"><span style=\"font-family: Liberation Serif;\">Perussuomalaiset<\/span><\/td>\n<td align=\"left\"><span style=\"font-family: Liberation Serif;\">Kaakkois-Suomen vaalipiiri<\/span><\/td>\n<\/tr>\n<tr>\n<td align=\"right\" height=\"32\"><span style=\"font-family: Liberation Serif;\">115<\/span><\/td>\n<td align=\"left\"><span style=\"font-family: Liberation Serif;\">Tuomo Isokangas<\/span><\/td>\n<td align=\"left\"><span style=\"font-family: Liberation Serif;\">Perussuomalaiset<\/span><\/td>\n<td align=\"left\"><span style=\"font-family: Liberation Serif;\">Pirkanmaan vaalipiiri<\/span><\/td>\n<\/tr>\n<tr>\n<td align=\"right\" height=\"32\"><span style=\"font-family: Liberation Serif;\">115<\/span><\/td>\n<td align=\"left\"><span style=\"font-family: Liberation Serif;\">Tere Sammallahti<\/span><\/td>\n<td align=\"left\"><span style=\"font-family: Liberation Serif;\">Kansallinen Kokoomus<\/span><\/td>\n<td align=\"left\"><span style=\"font-family: Liberation Serif;\">Uudenmaan vaalipiiri<\/span><\/td>\n<\/tr>\n<tr>\n<td align=\"right\" height=\"32\"><span style=\"font-family: Liberation Serif;\">115<\/span><\/td>\n<td align=\"left\"><span style=\"font-family: Liberation Serif;\">Eliisa Kuusama<\/span><\/td>\n<td align=\"left\"><span style=\"font-family: Liberation Serif;\">Liberaalipuolue<\/span><\/td>\n<td align=\"left\"><span style=\"font-family: Liberation Serif;\">Uudenmaan vaalipiiri<\/span><\/td>\n<\/tr>\n<tr>\n<td align=\"right\" height=\"47\"><span style=\"font-family: Liberation Serif;\">105<\/span><\/td>\n<td align=\"left\"><span style=\"font-family: Liberation Serif;\">Vilhelm Junnila<\/span><\/td>\n<td align=\"left\"><span style=\"font-family: Liberation Serif;\">Perussuomalaiset<\/span><\/td>\n<td align=\"left\"><span style=\"font-family: Liberation Serif;\">Varsinais-Suomen vaalipiiri<\/span><\/td>\n<\/tr>\n<tr>\n<td align=\"right\" height=\"32\"><span style=\"font-family: Liberation Serif;\">95<\/span><\/td>\n<td align=\"left\"><span style=\"font-family: Liberation Serif;\">Juha M\u00e4enp\u00e4\u00e4<\/span><\/td>\n<td align=\"left\"><span style=\"font-family: Liberation Serif;\">Perussuomalaiset<\/span><\/td>\n<td align=\"left\"><span style=\"font-family: Liberation Serif;\">Vaasan vaalipiiri<\/span><\/td>\n<\/tr>\n<tr>\n<td align=\"right\" height=\"47\"><span style=\"font-family: Liberation Serif;\">90<\/span><\/td>\n<td align=\"left\"><span style=\"font-family: Liberation Serif;\">Jussi Nurmi<\/span><\/td>\n<td align=\"left\"><span style=\"font-family: Liberation Serif;\">Seitsem\u00e4n t\u00e4hden puolue rp<\/span><\/td>\n<td align=\"left\"><span style=\"font-family: Liberation Serif;\">Pirkanmaan vaalipiiri<\/span><\/td>\n<\/tr>\n<tr>\n<td align=\"right\" height=\"32\"><span style=\"font-family: Liberation Serif;\">90<\/span><\/td>\n<td align=\"left\"><span style=\"font-family: Liberation Serif;\">Heikki Autto<\/span><\/td>\n<td align=\"left\"><span style=\"font-family: Liberation Serif;\">Kokoomus<\/span><\/td>\n<td align=\"left\"><span style=\"font-family: Liberation Serif;\">Lapin vaalipiiri<\/span><\/td>\n<\/tr>\n<tr>\n<td align=\"right\" height=\"32\"><span style=\"font-family: Liberation Serif;\">85<\/span><\/td>\n<td align=\"left\"><span style=\"font-family: Liberation Serif;\">Heikki Hankila<\/span><\/td>\n<td align=\"left\"><span style=\"font-family: Liberation Serif;\">Suomen Keskusta<\/span><\/td>\n<td align=\"left\"><span style=\"font-family: Liberation Serif;\">Uudenmaan vaalipiiri<\/span><\/td>\n<\/tr>\n<tr>\n<td align=\"right\" height=\"47\"><span style=\"font-family: Liberation Serif;\">85<\/span><\/td>\n<td align=\"left\"><span style=\"font-family: Liberation Serif;\">Janne Kuusisto<\/span><\/td>\n<td align=\"left\"><span style=\"font-family: Liberation Serif;\">Itsen\u00e4isyyspuolue<\/span><\/td>\n<td align=\"left\"><span style=\"font-family: Liberation Serif;\">Varsinais-Suomen vaalipiiri<\/span><\/td>\n<\/tr>\n<tr>\n<td align=\"right\" height=\"47\"><span style=\"font-family: Liberation Serif;\">80<\/span><\/td>\n<td align=\"left\"><span style=\"font-family: Liberation Serif;\">Antti Eskelinen<\/span><\/td>\n<td align=\"left\"><span style=\"font-family: Liberation Serif;\">Perussuomalaiset<\/span><\/td>\n<td align=\"left\"><span style=\"font-family: Liberation Serif;\">Kaakkois-Suomen vaalipiiri<\/span><\/td>\n<\/tr>\n<tr>\n<td align=\"right\" height=\"32\"><span style=\"font-family: Liberation Serif;\">80<\/span><\/td>\n<td align=\"left\"><span style=\"font-family: Liberation Serif;\">Antti Karttunen<\/span><\/td>\n<td align=\"left\"><span style=\"font-family: Liberation Serif;\">Perussuomalaiset<\/span><\/td>\n<td align=\"left\"><span style=\"font-family: Liberation Serif;\">Savo-Karjalan vaalipiiri<\/span><\/td>\n<\/tr>\n<tr>\n<td align=\"right\" height=\"32\"><span style=\"font-family: Liberation Serif;\">80<\/span><\/td>\n<td align=\"left\"><span style=\"font-family: Liberation Serif;\">Markku Saarikangas<\/span><\/td>\n<td align=\"left\"><span style=\"font-family: Liberation Serif;\">Perussuomalaiset rp<\/span><\/td>\n<td align=\"left\"><span style=\"font-family: Liberation Serif;\">Uudenmaan vaalipiiri<\/span><\/td>\n<\/tr>\n<tr>\n<td align=\"right\" height=\"32\"><span style=\"font-family: Liberation Serif;\">75<\/span><\/td>\n<td align=\"left\"><span style=\"font-family: Liberation Serif;\">Henri H\u00e4kkil\u00e4<\/span><\/td>\n<td align=\"left\"><span style=\"font-family: Liberation Serif;\">Perussuomalaiset<\/span><\/td>\n<td align=\"left\"><span style=\"font-family: Liberation Serif;\">Pirkanmaan vaalipiiri<\/span><\/td>\n<\/tr>\n<tr>\n<td align=\"right\" height=\"32\"><span style=\"font-family: Liberation Serif;\">65<\/span><\/td>\n<td align=\"left\"><span style=\"font-family: Liberation Serif;\">Janne Paalij\u00e4rvi<\/span><\/td>\n<td align=\"left\"><span style=\"font-family: Liberation Serif;\">Piraattipuolue<\/span><\/td>\n<td align=\"left\"><span style=\"font-family: Liberation Serif;\">Uudenmaan vaalipiiri<\/span><\/td>\n<\/tr>\n<tr>\n<td align=\"right\" height=\"32\"><span style=\"font-family: Liberation Serif;\">65<\/span><\/td>\n<td align=\"left\"><span style=\"font-family: Liberation Serif;\">Jukka-Pekka Muotio<\/span><\/td>\n<td align=\"left\"><span style=\"font-family: Liberation Serif;\">Liberaalipuolue<\/span><\/td>\n<td align=\"left\"><span style=\"font-family: Liberation Serif;\">Uudenmaan vaalipiiri<\/span><\/td>\n<\/tr>\n<tr>\n<td align=\"right\" height=\"32\"><span style=\"font-family: Liberation Serif;\">60<\/span><\/td>\n<td align=\"left\"><span style=\"font-family: Liberation Serif;\">Timo Kervinen<\/span><\/td>\n<td align=\"left\"><span style=\"font-family: Liberation Serif;\">Liberaalipuolue<\/span><\/td>\n<td align=\"left\"><span style=\"font-family: Liberation Serif;\">Uudenmaan vaalipiiri<\/span><\/td>\n<\/tr>\n<tr>\n<td align=\"right\" height=\"32\"><span style=\"font-family: Liberation Serif;\">60<\/span><\/td>\n<td align=\"left\"><span style=\"font-family: Liberation Serif;\">Petri Suuronen<\/span><\/td>\n<td align=\"left\"><span style=\"font-family: Liberation Serif;\">Liberaalipuolue (sit.)<\/span><\/td>\n<td align=\"left\"><span style=\"font-family: Liberation Serif;\">Uudenmaan vaalipiiri<\/span><\/td>\n<\/tr>\n<tr>\n<td align=\"right\" height=\"47\"><span style=\"font-family: Liberation Serif;\">60<\/span><\/td>\n<td align=\"left\"><span style=\"font-family: Liberation Serif;\">Jani M\u00e4kel\u00e4<\/span><\/td>\n<td align=\"left\"><span style=\"font-family: Liberation Serif;\">Perussuomalaiset<\/span><\/td>\n<td align=\"left\"><span style=\"font-family: Liberation Serif;\">Kaakkois-Suomen vaalipiiri<\/span><\/td>\n<\/tr>\n<tr>\n<td align=\"right\" height=\"32\"><span style=\"font-family: Liberation Serif;\">60<\/span><\/td>\n<td align=\"left\"><span style=\"font-family: Liberation Serif;\">Henri Harju<\/span><\/td>\n<td align=\"left\"><span style=\"font-family: Liberation Serif;\">Perussuomalaiset<\/span><\/td>\n<td align=\"left\"><span style=\"font-family: Liberation Serif;\">Vaasan vaalipiiri<\/span><\/td>\n<\/tr>\n<tr>\n<td align=\"right\" height=\"32\"><span style=\"font-family: Liberation Serif;\">60<\/span><\/td>\n<td align=\"left\"><span style=\"font-family: Liberation Serif;\">Tiia L\u00f6fqvist<\/span><\/td>\n<td align=\"left\"><span style=\"font-family: Liberation Serif;\">Piraattipuolue<\/span><\/td>\n<td align=\"left\"><span style=\"font-family: Liberation Serif;\">H\u00e4meen vaalipiiri<\/span><\/td>\n<\/tr>\n<tr>\n<td align=\"right\" height=\"32\"><span style=\"font-family: Liberation Serif;\">55<\/span><\/td>\n<td align=\"left\"><span style=\"font-family: Liberation Serif;\">Pasi Huuhtanen<\/span><\/td>\n<td align=\"left\"><span style=\"font-family: Liberation Serif;\">Perussuomalaiset<\/span><\/td>\n<td align=\"left\"><span style=\"font-family: Liberation Serif;\">Uudenmaan vaalipiiri<\/span><\/td>\n<\/tr>\n<tr>\n<td align=\"right\" height=\"32\"><span style=\"font-family: Liberation Serif;\">55<\/span><\/td>\n<td align=\"left\"><span style=\"font-family: Liberation Serif;\">Rauno M\u00e4ki<\/span><\/td>\n<td align=\"left\"><span style=\"font-family: Liberation Serif;\">Perussuomalainen<\/span><\/td>\n<td align=\"left\"><span style=\"font-family: Liberation Serif;\">Pirkanmaan vaalipiiri<\/span><\/td>\n<\/tr>\n<tr>\n<td align=\"right\" height=\"47\"><span style=\"font-family: Liberation Serif;\">50<\/span><\/td>\n<td align=\"left\"><span style=\"font-family: Liberation Serif;\">Viktor Kauranen<\/span><\/td>\n<td align=\"left\"><span style=\"font-family: Liberation Serif;\">Liberaalipuolue &#8211; Vapaus Valita<\/span><\/td>\n<td align=\"left\"><span style=\"font-family: Liberation Serif;\">Uudenmaan vaalipiiri<\/span><\/td>\n<\/tr>\n<tr>\n<td align=\"right\" height=\"32\"><span style=\"font-family: Liberation Serif;\">50<\/span><\/td>\n<td align=\"left\"><span style=\"font-family: Liberation Serif;\">Mauri Peltokangas<\/span><\/td>\n<td align=\"left\"><span style=\"font-family: Liberation Serif;\">Perussuomalaiset<\/span><\/td>\n<td align=\"left\"><span style=\"font-family: Liberation Serif;\">Vaasan vaalipiiri<\/span><\/td>\n<\/tr>\n<tr>\n<td align=\"right\" height=\"32\"><span style=\"font-family: Liberation Serif;\">50<\/span><\/td>\n<td align=\"left\"><span style=\"font-family: Liberation Serif;\">Suvi Karhu<\/span><\/td>\n<td align=\"left\"><span style=\"font-family: Liberation Serif;\">Perussuomalaiset<\/span><\/td>\n<td align=\"left\"><span style=\"font-family: Liberation Serif;\">Uudenmaan vaalipiiri<\/span><\/td>\n<\/tr>\n<tr>\n<td align=\"right\" height=\"32\"><span style=\"font-family: Liberation Serif;\">45<\/span><\/td>\n<td align=\"left\"><span style=\"font-family: Liberation Serif;\">Kirsi M\u00e4kilaine<\/span><\/td>\n<td align=\"left\"><span style=\"font-family: Liberation Serif;\">Perussuomalaiset<\/span><\/td>\n<td align=\"left\"><span style=\"font-family: Liberation Serif;\">Uudenmaan vaalipiiri<\/span><\/td>\n<\/tr>\n<tr>\n<td align=\"right\" height=\"32\"><span style=\"font-family: Liberation Serif;\">40<\/span><\/td>\n<td align=\"left\"><span style=\"font-family: Liberation Serif;\">Jarno Siivola<\/span><\/td>\n<td align=\"left\"><span style=\"font-family: Liberation Serif;\">Piraattipuolue<\/span><\/td>\n<td align=\"left\"><span style=\"font-family: Liberation Serif;\">Lapin vaalipiiri<\/span><\/td>\n<\/tr>\n<tr>\n<td align=\"right\" height=\"32\"><span style=\"font-family: Liberation Serif;\">40<\/span><\/td>\n<td align=\"left\"><span style=\"font-family: Liberation Serif;\">kari kontiokoski<\/span><\/td>\n<td align=\"left\"><span style=\"font-family: Liberation Serif;\">perussuomalaiset<\/span><\/td>\n<td align=\"left\"><span style=\"font-family: Liberation Serif;\">Lapin vaalipiiri<\/span><\/td>\n<\/tr>\n<tr>\n<td align=\"right\" height=\"32\"><span style=\"font-family: Liberation Serif;\">35<\/span><\/td>\n<td align=\"left\"><span style=\"font-family: Liberation Serif;\">Kevin Servin<\/span><\/td>\n<td align=\"left\"><span style=\"font-family: Liberation Serif;\">Perussuomalaiset<\/span><\/td>\n<td align=\"left\"><span style=\"font-family: Liberation Serif;\">Uudenmaan vaalipiiri<\/span><\/td>\n<\/tr>\n<tr>\n<td align=\"right\" height=\"32\"><span style=\"font-family: Liberation Serif;\">35<\/span><\/td>\n<td align=\"left\"><span style=\"font-family: Liberation Serif;\">Janne Halunen<\/span><\/td>\n<td align=\"left\"><span style=\"font-family: Liberation Serif;\">Persussuomalaiset<\/span><\/td>\n<td align=\"left\"><span style=\"font-family: Liberation Serif;\">Oulun vaalipiiri<\/span><\/td>\n<\/tr>\n<tr>\n<td align=\"right\" height=\"32\"><span style=\"font-family: Liberation Serif;\">30<\/span><\/td>\n<td align=\"left\"><span style=\"font-family: Liberation Serif;\">Ville Kivinen<\/span><\/td>\n<td align=\"left\"><span style=\"font-family: Liberation Serif;\">Liberaalipuolue<\/span><\/td>\n<td align=\"left\"><span style=\"font-family: Liberation Serif;\">Uudenmaan vaalipiiri<\/span><\/td>\n<\/tr>\n<tr>\n<td align=\"right\" height=\"32\"><span style=\"font-family: Liberation Serif;\">25<\/span><\/td>\n<td align=\"left\"><span style=\"font-family: Liberation Serif;\">Kalervo Bj\u00f6rkbacka<\/span><\/td>\n<td align=\"left\"><span style=\"font-family: Liberation Serif;\">Perussuomalaiset<\/span><\/td>\n<td align=\"left\"><span style=\"font-family: Liberation Serif;\">Lapin vaalipiiri<\/span><\/td>\n<\/tr>\n<tr>\n<td align=\"right\" height=\"47\"><span style=\"font-family: Liberation Serif;\">25<\/span><\/td>\n<td align=\"left\"><span style=\"font-family: Liberation Serif;\">Markus Koskelainen<\/span><\/td>\n<td align=\"left\"><span style=\"font-family: Liberation Serif;\">Suomen kansa ensin<\/span><\/td>\n<td align=\"left\"><span style=\"font-family: Liberation Serif;\">Kaakkois-Suomen vaalipiiri<\/span><\/td>\n<\/tr>\n<tr>\n<td align=\"right\" height=\"32\"><span style=\"font-family: Liberation Serif;\">25<\/span><\/td>\n<td align=\"left\"><span style=\"font-family: Liberation Serif;\">Mika Antikka<\/span><\/td>\n<td align=\"left\"><span style=\"font-family: Liberation Serif;\">perussuomalainen<\/span><\/td>\n<td align=\"left\"><span style=\"font-family: Liberation Serif;\">Oulun vaalipiiri<\/span><\/td>\n<\/tr>\n<tr>\n<td align=\"right\" height=\"32\"><span style=\"font-family: Liberation Serif;\">20<\/span><\/td>\n<td align=\"left\"><span style=\"font-family: Liberation Serif;\">Arto Satonen<\/span><\/td>\n<td align=\"left\"><span style=\"font-family: Liberation Serif;\">Kokoomus<\/span><\/td>\n<td align=\"left\"><span style=\"font-family: Liberation Serif;\">Pirkanmaan vaalipiiri<\/span><\/td>\n<\/tr>\n<tr>\n<td align=\"right\" height=\"32\"><span style=\"font-family: Liberation Serif;\">15<\/span><\/td>\n<td align=\"left\"><span style=\"font-family: Liberation Serif;\">Antti Tonteri<\/span><\/td>\n<td align=\"left\"><span style=\"font-family: Liberation Serif;\">Perussuomalaiset<\/span><\/td>\n<td align=\"left\"><span style=\"font-family: Liberation Serif;\">Lapin vaalipiiri<\/span><\/td>\n<\/tr>\n<tr>\n<td align=\"right\" height=\"32\"><span style=\"font-family: Liberation Serif;\">5<\/span><\/td>\n<td align=\"left\"><span style=\"font-family: Liberation Serif;\">Veikko Vallin<\/span><\/td>\n<td align=\"left\"><span style=\"font-family: Liberation Serif;\">Perussuomalaiset<\/span><\/td>\n<td align=\"left\"><span style=\"font-family: Liberation Serif;\">Pirkanmaan vaalipiiri<\/span><\/td>\n<\/tr>\n<tr>\n<td align=\"right\" height=\"32\"><span style=\"font-family: Liberation Serif;\">5<\/span><\/td>\n<td align=\"left\"><span style=\"font-family: Liberation Serif;\">Niilo K\u00e4rki<\/span><\/td>\n<td align=\"left\"><span style=\"font-family: Liberation Serif;\">Perussuomalaiset<\/span><\/td>\n<td align=\"left\"><span style=\"font-family: Liberation Serif;\">Uudenmaan vaalipiiri<\/span><\/td>\n<\/tr>\n<tr>\n<td align=\"right\" height=\"32\"><span style=\"font-family: Liberation Serif;\">0<\/span><\/td>\n<td align=\"left\"><span style=\"font-family: Liberation Serif;\">Seppo Tamminen<\/span><\/td>\n<td align=\"left\"><span style=\"font-family: Liberation Serif;\">Perussuomalaiset<\/span><\/td>\n<td align=\"left\"><span style=\"font-family: Liberation Serif;\">Pirkanmaan vaalipiiri<\/span><\/td>\n<\/tr>\n<tr>\n<td align=\"right\" height=\"32\"><span style=\"font-family: Liberation Serif;\">-15<\/span><\/td>\n<td align=\"left\"><span style=\"font-family: Liberation Serif;\">Mervi Syv\u00e4ranta<\/span><\/td>\n<td align=\"left\"><span style=\"font-family: Liberation Serif;\">Perussuomalaiset<\/span><\/td>\n<td align=\"left\"><span style=\"font-family: Liberation Serif;\">Uudenmaan vaalipiiri<\/span><\/td>\n<\/tr>\n<tr>\n<td align=\"right\" height=\"32\"><span style=\"font-family: Liberation Serif;\">-15<\/span><\/td>\n<td align=\"left\"><span style=\"font-family: Liberation Serif;\">Ossi Tiihonen<\/span><\/td>\n<td align=\"left\"><span style=\"font-family: Liberation Serif;\">Perussuomalaiset<\/span><\/td>\n<td align=\"left\"><span style=\"font-family: Liberation Serif;\">Uudenmaan vaalipiiri<\/span><\/td>\n<\/tr>\n<tr>\n<td align=\"right\" height=\"32\"><span style=\"font-family: Liberation Serif;\">-20<\/span><\/td>\n<td align=\"left\"><span style=\"font-family: Liberation Serif;\">Sami Kym\u00e4l\u00e4inen<\/span><\/td>\n<td align=\"left\"><span style=\"font-family: Liberation Serif;\">Perussuomalaiset<\/span><\/td>\n<td align=\"left\"><span style=\"font-family: Liberation Serif;\">Pirkanmaan vaalipiiri<\/span><\/td>\n<\/tr>\n<tr>\n<td align=\"right\" height=\"32\"><span style=\"font-family: Liberation Serif;\">-20<\/span><\/td>\n<td align=\"left\"><span style=\"font-family: Liberation Serif;\">Maiju Tapiolinna<\/span><\/td>\n<td align=\"left\"><span style=\"font-family: Liberation Serif;\">Perussuomalaiset<\/span><\/td>\n<td align=\"left\"><span style=\"font-family: Liberation Serif;\">Uudenmaan vaalipiiri<\/span><\/td>\n<\/tr>\n<tr>\n<td align=\"right\" height=\"32\"><span style=\"font-family: Liberation Serif;\">-20<\/span><\/td>\n<td align=\"left\"><span style=\"font-family: Liberation Serif;\">Satu Immonen<\/span><\/td>\n<td align=\"left\"><span style=\"font-family: Liberation Serif;\">Piraattipuolue<\/span><\/td>\n<td align=\"left\"><span style=\"font-family: Liberation Serif;\">Savo-Karjalan vaalipiiri<\/span><\/td>\n<\/tr>\n<tr>\n<td align=\"right\" height=\"32\"><span style=\"font-family: Liberation Serif;\">-20<\/span><\/td>\n<td align=\"left\"><span style=\"font-family: Liberation Serif;\">Kirsi-Maarit Asplund<\/span><\/td>\n<td align=\"left\"><span style=\"font-family: Liberation Serif;\">Perussuomalaiset<\/span><\/td>\n<td align=\"left\"><span style=\"font-family: Liberation Serif;\">Pirkanmaan vaalipiiri<\/span><\/td>\n<\/tr>\n<tr>\n<td align=\"right\" height=\"32\"><span style=\"font-family: Liberation Serif;\">-25<\/span><\/td>\n<td align=\"left\"><span style=\"font-family: Liberation Serif;\">Veijo Niemi<\/span><\/td>\n<td align=\"left\"><span style=\"font-family: Liberation Serif;\">Perussuomalaiset<\/span><\/td>\n<td align=\"left\"><span style=\"font-family: Liberation Serif;\">Pirkanmaan vaalipiiri<\/span><\/td>\n<\/tr>\n<tr>\n<td align=\"right\" height=\"32\"><span style=\"font-family: Liberation Serif;\">-25<\/span><\/td>\n<td align=\"left\"><span style=\"font-family: Liberation Serif;\">Ari Paldan<\/span><\/td>\n<td align=\"left\"><span style=\"font-family: Liberation Serif;\">Perussuomalaiset<\/span><\/td>\n<td align=\"left\"><span style=\"font-family: Liberation Serif;\">Lapin vaalipiiri<\/span><\/td>\n<\/tr>\n<tr>\n<td align=\"right\" height=\"47\"><span style=\"font-family: Liberation Serif;\">-35<\/span><\/td>\n<td align=\"left\"><span style=\"font-family: Liberation Serif;\">Timo Hellman<\/span><\/td>\n<td align=\"left\"><span style=\"font-family: Liberation Serif;\">Piraattipuolue<\/span><\/td>\n<td align=\"left\"><span style=\"font-family: Liberation Serif;\">Varsinais-Suomen vaalipiiri<\/span><\/td>\n<\/tr>\n<tr>\n<td align=\"right\" height=\"47\"><span style=\"font-family: Liberation Serif;\">-40<\/span><\/td>\n<td align=\"left\"><span style=\"font-family: Liberation Serif;\">Kari Lepp\u00e4joki<\/span><\/td>\n<td align=\"left\"><span style=\"font-family: Liberation Serif;\">Sitoutumaton, oma lista<\/span><\/td>\n<td align=\"left\"><span style=\"font-family: Liberation Serif;\">Varsinais-Suomen vaalipiiri<\/span><\/td>\n<\/tr>\n<tr>\n<td align=\"right\" height=\"32\"><span style=\"font-family: Liberation Serif;\">-55<\/span><\/td>\n<td align=\"left\"><span style=\"font-family: Liberation Serif;\">Veikko Siitonen<\/span><\/td>\n<td align=\"left\"><span style=\"font-family: Liberation Serif;\">Perususomalainen<\/span><\/td>\n<td align=\"left\"><span style=\"font-family: Liberation Serif;\">Lapin vaalipiiri<\/span><\/td>\n<\/tr>\n<tr>\n<td align=\"right\" height=\"32\"><span style=\"font-family: Liberation Serif;\">-60<\/span><\/td>\n<td align=\"left\"><span style=\"font-family: Liberation Serif;\">Jaakko Raivio<\/span><\/td>\n<td align=\"left\"><span style=\"font-family: Liberation Serif;\">PerusSuomalaiset<\/span><\/td>\n<td align=\"left\"><span style=\"font-family: Liberation Serif;\">Lapin vaalipiiri<\/span><\/td>\n<\/tr>\n<tr>\n<td align=\"right\" height=\"32\"><span style=\"font-family: Liberation Serif;\">-65<\/span><\/td>\n<td align=\"left\"><span style=\"font-family: Liberation Serif;\">Arto Gr\u00f6nroos<\/span><\/td>\n<td align=\"left\"><span style=\"font-family: Liberation Serif;\">Liike Nyt<\/span><\/td>\n<td align=\"left\"><span style=\"font-family: Liberation Serif;\">Pirkanmaan vaalipiiri<\/span><\/td>\n<\/tr>\n<tr>\n<td align=\"right\" height=\"47\"><span style=\"font-family: Liberation Serif;\">-65<\/span><\/td>\n<td align=\"left\"><span style=\"font-family: Liberation Serif;\">Hannah Honkanen<\/span><\/td>\n<td align=\"left\"><span style=\"font-family: Liberation Serif;\">Keskusta<\/span><\/td>\n<td align=\"left\"><span style=\"font-family: Liberation Serif;\">Kaakkois-Suomen vaalipiiri<\/span><\/td>\n<\/tr>\n<tr>\n<td align=\"right\" height=\"32\"><\/td>\n<td align=\"left\"><\/td>\n<td align=\"left\"><\/td>\n<td align=\"left\"><\/td>\n<\/tr>\n<tr>\n<td align=\"right\" height=\"32\"><span style=\"font-family: Liberation Serif;\">-125<\/span><\/td>\n<td align=\"left\"><span style=\"font-family: Liberation Serif;\">Severi Virolainen<\/span><\/td>\n<td align=\"left\"><span style=\"font-family: Liberation Serif;\">Liberaalipuolue<\/span><\/td>\n<td align=\"left\"><span style=\"font-family: Liberation Serif;\">Helsingin vaalipiiri<\/span><\/td>\n<\/tr>\n<\/tbody>\n<\/table>\n<p>&nbsp;","protected":false},"excerpt":{"rendered":"<p class=\"qtranxs-available-languages-message qtranxs-available-languages-message-et\">Vabandame, see kanne on saadaval ainult %LANG : ja %. For the sake of viewer convenience, the content is shown below in the alternative language. You may click the link to switch the active language.<\/p>\n<p>Firearms United Finland &#8211; Aseharrastajien vaalikone<br \/>\nFirearms Unitedin yhden asian vaaliase auttaa sinua selvitt\u00e4m\u00e4\u00e4n ehdokkaan suhtautumisen ampumaharrastukseen. Tietoja ehdokkaiden suhtautumisesta p\u00e4iv\u00e4hoitomaksuihin, ilmastonmuutokseen, yksityisautoiluun, maahanmuuttoon, poronhoitoon, ruotsin kielen asemaan tai esimerkiksi umpihankihiihtoon l\u00f6ytyy sitten jostain ihan muualta.<\/p>\n","protected":false},"author":1985,"featured_media":2957,"comment_status":"open","ping_status":"open","sticky":false,"template":"","format":"standard","meta":{"sfsi_plus_gutenberg_text_before_share":"","sfsi_plus_gutenberg_show_text_before_share":"","sfsi_plus_gutenberg_icon_type":"","sfsi_plus_gutenberg_icon_alignemt":"","sfsi_plus_gutenburg_max_per_row":""},"categories":[9,208],"tags":[209],"_links":{"self":[{"href":"https:\/\/www.firearms-united.com\/et\/wp-json\/wp\/v2\/posts\/3055"}],"collection":[{"href":"https:\/\/www.firearms-united.com\/et\/wp-json\/wp\/v2\/posts"}],"about":[{"href":"https:\/\/www.firearms-united.com\/et\/wp-json\/wp\/v2\/types\/post"}],"author":[{"embeddable":true,"href":"https:\/\/www.firearms-united.com\/et\/wp-json\/wp\/v2\/users\/1985"}],"replies":[{"embeddable":true,"href":"https:\/\/www.firearms-united.com\/et\/wp-json\/wp\/v2\/comments?post=3055"}],"version-history":[{"count":5,"href":"https:\/\/www.firearms-united.com\/et\/wp-json\/wp\/v2\/posts\/3055\/revisions"}],"predecessor-version":[{"id":3061,"href":"https:\/\/www.firearms-united.com\/et\/wp-json\/wp\/v2\/posts\/3055\/revisions\/3061"}],"wp:featuredmedia":[{"embeddable":true,"href":"https:\/\/www.firearms-united.com\/et\/wp-json\/wp\/v2\/media\/2957"}],"wp:attachment":[{"href":"https:\/\/www.firearms-united.com\/et\/wp-json\/wp\/v2\/media?parent=3055"}],"wp:term":[{"taxonomy":"category","embeddable":true,"href":"https:\/\/www.firearms-united.com\/et\/wp-json\/wp\/v2\/categories?post=3055"},{"taxonomy":"post_tag","embeddable":true,"href":"https:\/\/www.firearms-united.com\/et\/wp-json\/wp\/v2\/tags?post=3055"}],"curies":[{"name":"wp","href":"https:\/\/api.w.org\/{rel}","templated":true}]}}