{"id":1509,"date":"2016-09-07T07:16:21","date_gmt":"2016-09-07T05:16:21","guid":{"rendered":"http:\/\/firearms-united.com\/?p=1509"},"modified":"2019-10-12T19:22:56","modified_gmt":"2019-10-12T17:22:56","slug":"back-core-business-summary-committee-internal-market-consumer-protection","status":"publish","type":"post","link":"https:\/\/www.firearms-united.com\/fi\/back-core-business-summary-committee-internal-market-consumer-protection\/","title":{"rendered":"Mepit sek\u00e4 vasemmalta ett\u00e4 oikealta vaativat komissiolta lis\u00e4\u00e4 tietoa asedirektiivineuvottelujen pohjaksi"},"content":{"rendered":"Euroopan parlamentin sis\u00e4markkinavaliokunta p\u00e4\u00e4tti maanantaina 5.9.2016, ett\u00e4 ampuma-asedirektiivin muuttamista koskevat ns. trialogineuvottelut parlamentin, komission ja neuvoston v\u00e4lill\u00e4 voidaan aloittaa. Ennen \u00e4\u00e4nestyst\u00e4 k\u00e4ytettiin puheenvuoroja, joissa vaadittiin EU:n komissiolta tarkempia tietoja neuvottelujen pohjaksi.<\/p>\n<p>Tsekin tasavallan Dita Charanzov\u00e1 (liberaalidem<span class=\"text_exposed_show\">okraatit) vaati, ett\u00e4 keskustelujen on pohjauduttava tosiasioihin. Siksi h\u00e4n kehoitti komissiota toimittamaan kaikista j\u00e4senmaista mahdollisimman paljon relevanttia tietoa mahdollisimman pian, mutta viimeist\u00e4\u00e4n ennen instituutioiden v\u00e4listen neuvottelujen aloittamista. H\u00e4nen mukaansa tavoitteena tulisi olla neuvottelutulos, joka ei rankaise tavallisia kansalaisia.<\/span><\/p>\n<div class=\"text_exposed_show\">\n<p>Saksaa edustava Evelyne Gebhardt (sosialistit ja demokraatit) esitti komissiolle oman ryhm\u00e4ns\u00e4 italialaisj\u00e4sen Sergio Cofferatin kysymyksen: &#8221;Ketk\u00e4 k\u00e4ytt\u00e4v\u00e4t n\u00e4iden kategorioiden ampuma-aseita ja mill\u00e4 perusteilla luvat on my\u00f6nnetty? Mietint\u00f6mme sis\u00e4lt\u00e4\u00e4 monia poikkeuksia. Kysym\u00e4ni tieto voi olla olleellinen, ett\u00e4 ymm\u00e4rt\u00e4isimme paremmin keit\u00e4 esitt\u00e4m\u00e4mme toimet tosiasiassa koskisivat&#8221;. Gebhardt lis\u00e4si, ett\u00e4 t\u00e4m\u00e4 tieto olisi erityisen hy\u00f6dyllinen, koska edustajat ovat kovan lobbauspaineen alla ja internetiss\u00e4 liikkuu paljon v\u00e4\u00e4r\u00e4\u00e4 tietoa.<\/p>\n<p>Valiokunnan puheenjohtaja Vicky Ford (konservatiivit ja reformistit) muistutti komissiota, valiokunnan j\u00e4seni\u00e4 ja yleis\u00f6\u00e4 siit\u00e4, ett\u00e4 h\u00e4n pyysi jo ennen valiokunnan mietint\u00f6\u00e4 koskenutta \u00e4\u00e4nestyst\u00e4 komissiolta tarkkoja tietoja mm. muiden edustajien nyt esille nostamista asioista &#8211; mukaan lukien numerotietoa, jos mahdollista. Fordin pyyt\u00e4mi\u00e4 tietoja tai numeroita ei t\u00e4h\u00e4n menness\u00e4 ole saatu. H\u00e4n haluaa tietoja, jotka koskevat juuri tiettyj\u00e4 ampuma-asetyyppej\u00e4 ja sanoi olevansa selvill\u00e4, ett\u00e4 j\u00e4senmaihin on oltu asiasta yhteydess\u00e4 ja uskovansa, ett\u00e4 tiedot saadaan. Ford oli samaa mielt\u00e4 edustaja Charanzov\u00e1n kanssa, ett\u00e4 tiedot ovat v\u00e4ltt\u00e4m\u00e4tt\u00f6mi\u00e4 ennen, kuin n\u00e4ist\u00e4 asioista voidaan aloittaa trialogikeskustelu.<\/p>\n<p>Sis\u00e4markkinavaliokunta hyv\u00e4ksyi neuvottelujen aloittamisen selv\u00e4ll\u00e4 enemmist\u00f6ll\u00e4: 24 puolesta, 3 vastaan (Parker, Pretzell, Troszczynski), 5 tyhj\u00e4\u00e4 (Charanzov\u00e1, Guoga, Hyusmenova, Sojdrov, Sehnalov\u00e1).<\/p>\n<\/div>","protected":false},"excerpt":{"rendered":"<p class=\"qtranxs-available-languages-message qtranxs-available-languages-message-fi\">T\u00e4m\u00e4 teksti on valitettavasti saatavilla vain kielill\u00e4: <a href=\"https:\/\/www.firearms-united.com\/en\/wp-json\/wp\/v2\/posts\/1509\" class=\"qtranxs-available-language-link qtranxs-available-language-link-en\" title=\"English\">Amerikanenglanti<\/a>. For the sake of viewer convenience, the content is shown below in the alternative language. You may click the link to switch the active language.<\/p>\n<p>Back to the core business &#8211; Summary from Committee on the Internal Market and Consumer <\/p>\n<p>Short summary on what happened in the European Parliament on Monday<\/p>\n","protected":false},"author":1985,"featured_media":548,"comment_status":"open","ping_status":"open","sticky":false,"template":"","format":"standard","meta":{"sfsi_plus_gutenberg_text_before_share":"","sfsi_plus_gutenberg_show_text_before_share":"","sfsi_plus_gutenberg_icon_type":"","sfsi_plus_gutenberg_icon_alignemt":"","sfsi_plus_gutenburg_max_per_row":""},"categories":[9,2],"tags":[40,69,93,35,41],"_links":{"self":[{"href":"https:\/\/www.firearms-united.com\/fi\/wp-json\/wp\/v2\/posts\/1509"}],"collection":[{"href":"https:\/\/www.firearms-united.com\/fi\/wp-json\/wp\/v2\/posts"}],"about":[{"href":"https:\/\/www.firearms-united.com\/fi\/wp-json\/wp\/v2\/types\/post"}],"author":[{"embeddable":true,"href":"https:\/\/www.firearms-united.com\/fi\/wp-json\/wp\/v2\/users\/1985"}],"replies":[{"embeddable":true,"href":"https:\/\/www.firearms-united.com\/fi\/wp-json\/wp\/v2\/comments?post=1509"}],"version-history":[{"count":8,"href":"https:\/\/www.firearms-united.com\/fi\/wp-json\/wp\/v2\/posts\/1509\/revisions"}],"predecessor-version":[{"id":3193,"href":"https:\/\/www.firearms-united.com\/fi\/wp-json\/wp\/v2\/posts\/1509\/revisions\/3193"}],"wp:featuredmedia":[{"embeddable":true,"href":"https:\/\/www.firearms-united.com\/fi\/wp-json\/wp\/v2\/media\/548"}],"wp:attachment":[{"href":"https:\/\/www.firearms-united.com\/fi\/wp-json\/wp\/v2\/media?parent=1509"}],"wp:term":[{"taxonomy":"category","embeddable":true,"href":"https:\/\/www.firearms-united.com\/fi\/wp-json\/wp\/v2\/categories?post=1509"},{"taxonomy":"post_tag","embeddable":true,"href":"https:\/\/www.firearms-united.com\/fi\/wp-json\/wp\/v2\/tags?post=1509"}],"curies":[{"name":"wp","href":"https:\/\/api.w.org\/{rel}","templated":true}]}}