{"id":1690,"date":"2016-11-02T17:27:50","date_gmt":"2016-11-02T16:27:50","guid":{"rendered":"http:\/\/firearms-united.com\/?p=1690"},"modified":"2019-10-12T19:25:44","modified_gmt":"2019-10-12T17:25:44","slug":"un-eu-firearms-expert-suspected-distribution-illegal-firearms","status":"publish","type":"post","link":"https:\/\/www.firearms-united.com\/fi\/un-eu-firearms-expert-suspected-distribution-illegal-firearms\/","title":{"rendered":"EU:n ja YK:n aseasiantuntija pid\u00e4tetty ep\u00e4iltyn\u00e4 laittomasta asekaupasta"},"content":{"rendered":"<div id=\"id_581a0f42c28a80b55008365\" class=\"text_exposed_root text_exposed\">\n<p>Viime vuonna EU-komissio esitteli luonnoksensa uudeksi asedirektiiviksi ja suunnitelmana oli saada sittemmin t\u00e4ysin kelvottomaksi paljastunut direktiiviehdotus l\u00e4pi nopeutetulla aikataululla Pariisin terrori-iskujen j\u00e4lkeen. T\u00e4m\u00e4n j\u00e4lkeen olemme tehneet ty\u00f6t\u00e4 vuorotta kyseisen direktiivin torppaamiseksi tai v\u00e4hint\u00e4\u00e4nkin pahimpien ylily\u00f6ntien poistamiseksi.<\/p>\n<p>Er\u00e4s asiantuntija, jota kuultiin asian tiimoilta suositteli enemm\u00e4n ja tiukempia rajoituksia oli Jean-Luc Stassen, Belgian Liegen asehallintoyksik\u00f6n johtaja.<\/p>\n<\/div>\n<div class=\"text_exposed_root text_exposed\">Herra Stassen oli l\u00e4sn\u00e4 my\u00f6s parlamentin v\u00e4ittelyss\u00e4 asiantuntijana ja puhui noin 10 minuuttia, ja ehdottaen muun muassa lipaskapasiteettirajoituksia. Herra Stassen jatkoi selitt\u00e4m\u00e4ll\u00e4 juurta jaksaen kuinka tiettyjen kategorioiden aseet jopa deaktivoinnin j\u00e4lkeen pit\u00e4isi olla j\u00e4ljitett\u00e4viss\u00e4.<\/div>\n<div class=\"text_exposed_root text_exposed\"><\/div>\n<div class=\"text_exposed_root text_exposed\"><\/div>\n<div class=\"text_exposed_root text_exposed\">\n<p>T\u00e4m\u00e4n takia onkin \u00e4\u00e4rimm\u00e4isen kiinnostavaa huomata ett\u00e4 viime torstaina 27. lokakuuta herra Stassen pid\u00e4tettiin ep\u00e4iltyn\u00e4 muun muassa v\u00e4\u00e4rent\u00e4misest\u00e4, dokumenttien v\u00e4\u00e4rent\u00e4misest\u00e4 sek\u00e4 kavalluksesta.<\/p>\n<p>Saamamme lehtitiedon mukaan herra Stassenia ep\u00e4ill\u00e4\u00e4n 260 tuhottavaksi m\u00e4\u00e4r\u00e4tyn tuliaseen tietojen poistamisesta asehallinnon rekisterist\u00e4 ja n\u00e4iden aseiden myymisest\u00e4 pimeille markkinoille.<\/p>\n<\/div>\n<div class=\"text_exposed_root text_exposed\"><\/div>\n<p>Pid\u00e4tys tapahtui sen j\u00e4lkeen kun poliisi oli suorittanut etsinn\u00e4n sek\u00e4 herra Stassenin kotona ett\u00e4 ty\u00f6paikalla ja etsinn\u00e4n tuloksena ainakin yksi kadonnut laiton ase l\u00f6ytyi. Herra Stassen kiist\u00e4\u00e4 kaikki syytteet.<\/p>\n<p>Yleisesti tiedet\u00e4\u00e4n, ett\u00e4 laillisen asekaupan rajoittaminen johtaa v\u00e4\u00e4j\u00e4\u00e4m\u00e4tt\u00e4 laittoman asekaupan kasvuun. Asekaupassa p\u00e4tev\u00e4t hyvin tunnetut kysynn\u00e4n ja tarjonnan lait, ja asedirektiivi tai rajoitukset eiv\u00e4t poista kysynt\u00e4\u00e4, vaan siirt\u00e4v\u00e4t sen pimeille markkinoille pois viranomaisten valvonnasta. Historia on my\u00f6s opettanut, ett\u00e4 aina kun tietty asetyyppi kiellet\u00e4\u00e4n osa aseista siirtyy pimeille markkinoille.<\/p>\n<p>Aika n\u00e4ytt\u00e4\u00e4 mit\u00e4 herra Stassenille tapahtuu, mutta mik\u00e4li syytteet pit\u00e4v\u00e4t paikkansa voimme alkaa kyseenalaistamaan herra Stassenin lausuntoa sek\u00e4 h\u00e4nen motiivejaan. Suositteliko h\u00e4n lis\u00e4rajoituksia tahallaan varmistaakseen ett\u00e4 kysynt\u00e4 siirtyy pimeille markkinoille ja h\u00e4nen (v\u00e4itetty) liikevaihtonsa kasvaa?<\/p>\n<p><span class=\"text_exposed_show\">Lienee selv\u00e4\u00e4, ett\u00e4 seuraamme tapahtumia suurella mielenkiinnolla&#8230;<\/span><\/p>\n<div class=\"text_exposed_root text_exposed\">Faktoja:<br \/>\nJean-Luc Stassen &#8211; EU:n ja YK:n aseasiantuntija<\/div>\n<div class=\"text_exposed_root text_exposed\"><\/div>\n<div class=\"text_exposed_root text_exposed\">Liegen asehallintoyksik\u00f6n johtaja p\u00e4\u00e4toimensa ohella toimi my\u00f6s useissa eri EU:n asiantuntija ryhmiss\u00e4 sek\u00e4 edusti Belgiaa monissa viranomaisyhteyksiss\u00e4:<\/div>\n<div class=\"text_exposed_root text_exposed\"><\/div>\n<p>-Belgian delegaation johtaja &#8211; Permanent International Commission for firearms,<\/p>\n<p>-officer for criminal investigation for the monitoring of trade weapons in Belgium<\/p>\n<p>-EU:n ja YK:n &#8221;asiantuntijaryhm\u00e4n&#8221; j\u00e4sen useassa ryhm\u00e4ss\u00e4<\/p>\n<p>Linkkej\u00e4:<\/p>\n<div class=\"text_exposed_root text_exposed\"><a href=\"http:\/\/www.brusselstimes.com\/rss-feed\/6819\/weapons-proofhouse-of-liege-arrest-warrant-issued-for-director\">http:\/\/www.brusselstimes.com\/rss-feed\/6819\/weapons-proofhouse-of-liege-arrest-warrant-issued-for-director<\/a><\/div>\n<div class=\"text_exposed_root text_exposed\"><span class=\"text_exposed_show\"><br \/>\n<a href=\"http:\/\/www.sudinfo.be\/1708774\/article\/2016-11-02\/detournement-d-armes-au-banc-d-epreuves-de-liege-jean-luc-stassen-etait-expert-p\" target=\"_blank\" rel=\"nofollow noopener noreferrer\">http:\/\/www.sudinfo.be\/<wbr \/>1708774\/article\/2016-11-02\/<wbr \/>detournement-d-armes-au-ban<wbr \/>c-d-epreuves-de-liege-jean<wbr \/>-luc-stassen-etait-expert-<wbr \/>p<\/a><\/span>Le directeur du banc d&#8217;\u00e9preuves des armes de Li\u00e8ge plac\u00e9 sous mandat d&#8217;arr\u00eat : <a href=\"http:\/\/www.lalibre.be\/regions\/liege\/le-directeur-du-banc-d-epreuves-des-armes-de-liege-place-sous-mandat-d-arret-5818cc63cd70fb896a6353a2\" target=\"_blank\" rel=\"nofollow noopener noreferrer\">http:\/\/www.lalibre.be\/<wbr \/>regions\/liege\/<wbr \/>le-directeur-du-banc-d-epre<wbr \/>uves-des-armes-de-liege-pl<wbr \/>ace-sous-mandat-d-arret-58<wbr \/>18cc63cd70fb896a6353a2<\/a><br \/>\n<a href=\"http:\/\/www.demorgen.be\/binnenland\/directeur-van-wapenproefbank-in-luik-gearresteerd-bcf176d4\/\" target=\"_blank\" rel=\"nofollow noopener noreferrer\">http:\/\/www.demorgen.be\/<wbr \/>binnenland\/<wbr \/>directeur-van-wapenproefban<wbr \/>k-in-luik-gearresteerd-bcf<wbr \/>176d4\/<\/a><\/div>","protected":false},"excerpt":{"rendered":"<p>Viime vuonna EU-komissio esitteli luonnoksensa uudeksi asedirektiiviksi ja suunnitelmana oli saada sittemmin t\u00e4ysin kelvottomaksi paljastunut direktiiviehdotus l\u00e4pi nopeutetulla aikataululla Pariisin terrori-iskujen j\u00e4lkeen. T\u00e4m\u00e4n j\u00e4lkeen olemme tehneet ty\u00f6t\u00e4 vuorotta kyseisen direktiivin torppaamiseksi tai v\u00e4hint\u00e4\u00e4nkin pahimpien ylily\u00f6ntien poistamiseksi. Er\u00e4s asiantuntija, jota kuultiin asian tiimoilta suositteli enemm\u00e4n ja tiukempia rajoituksia oli Jean-Luc Stassen, Belgian Liegen asehallintoyksik\u00f6n johtaja. Herra Stassen oli l\u00e4sn\u00e4 my\u00f6s parlamentin &#8230; <a href=\"https:\/\/www.firearms-united.com\/fi\/un-eu-firearms-expert-suspected-distribution-illegal-firearms\/\" class=\"more-link\">Read More<\/a><\/p>\n","protected":false},"author":1985,"featured_media":1691,"comment_status":"open","ping_status":"open","sticky":false,"template":"","format":"standard","meta":{"sfsi_plus_gutenberg_text_before_share":"","sfsi_plus_gutenberg_show_text_before_share":"","sfsi_plus_gutenberg_icon_type":"","sfsi_plus_gutenberg_icon_alignemt":"","sfsi_plus_gutenburg_max_per_row":""},"categories":[9],"tags":[31,40,69,93,32,34,35],"_links":{"self":[{"href":"https:\/\/www.firearms-united.com\/fi\/wp-json\/wp\/v2\/posts\/1690"}],"collection":[{"href":"https:\/\/www.firearms-united.com\/fi\/wp-json\/wp\/v2\/posts"}],"about":[{"href":"https:\/\/www.firearms-united.com\/fi\/wp-json\/wp\/v2\/types\/post"}],"author":[{"embeddable":true,"href":"https:\/\/www.firearms-united.com\/fi\/wp-json\/wp\/v2\/users\/1985"}],"replies":[{"embeddable":true,"href":"https:\/\/www.firearms-united.com\/fi\/wp-json\/wp\/v2\/comments?post=1690"}],"version-history":[{"count":7,"href":"https:\/\/www.firearms-united.com\/fi\/wp-json\/wp\/v2\/posts\/1690\/revisions"}],"predecessor-version":[{"id":3195,"href":"https:\/\/www.firearms-united.com\/fi\/wp-json\/wp\/v2\/posts\/1690\/revisions\/3195"}],"wp:featuredmedia":[{"embeddable":true,"href":"https:\/\/www.firearms-united.com\/fi\/wp-json\/wp\/v2\/media\/1691"}],"wp:attachment":[{"href":"https:\/\/www.firearms-united.com\/fi\/wp-json\/wp\/v2\/media?parent=1690"}],"wp:term":[{"taxonomy":"category","embeddable":true,"href":"https:\/\/www.firearms-united.com\/fi\/wp-json\/wp\/v2\/categories?post=1690"},{"taxonomy":"post_tag","embeddable":true,"href":"https:\/\/www.firearms-united.com\/fi\/wp-json\/wp\/v2\/tags?post=1690"}],"curies":[{"name":"wp","href":"https:\/\/api.w.org\/{rel}","templated":true}]}}