{"id":1758,"date":"2016-11-19T17:10:04","date_gmt":"2016-11-19T16:10:04","guid":{"rendered":"http:\/\/firearms-united.com\/?p=1758"},"modified":"2019-10-12T19:27:27","modified_gmt":"2019-10-12T17:27:27","slug":"ar15-ak47-ban","status":"publish","type":"post","link":"https:\/\/www.firearms-united.com\/fr\/ar15-ak47-ban\/","title":{"rendered":"Fusils d&rsquo;assaut semi-auto d\u00e9riv\u00e9s de la famille des AK47 et des AR15 doivent \u00eatre bannis"},"content":{"rendered":"A la suite des deux trilogues, les co-l\u00e9gislateurs ne sont toujours pas parvenus \u00e0 se mettre d&rsquo;accord sur la r\u00e9vision de la directive des armes \u00e0 feu.<\/p>\n<p>Ces n\u00e9gociations doivent \u00eatre d\u00e9bloqu\u00e9es pour retirer des rues les fusils d&rsquo;assauts militaires, y compris ceux qui ont \u00e9t\u00e9 convertis en semi-auto uniquement.<\/p>\n<p>La position de la commission est claire:<\/p>\n<ul>\n<li>Les fusils d&rsquo;assaut semi-auto d\u00e9riv\u00e9s de la famille des AK47 Kalashnikov et de la famille des AR15 doivent \u00eatre bannis de l&rsquo;usage civil puisqu&rsquo;ils ont \u00e9t\u00e9 con\u00e7us pour un usage militaire.<\/li>\n<li>Les chargeurs pour les armes courtes et longues, doivent \u00eatre limit\u00e9 \u00e0 10 coups, et doivent \u00eatre soumis \u00e0 autorisation, des v\u00e9rifications s\u00e9rieuses, et toute d\u00e9rogation doit \u00eatre strictement limit\u00e9e et fermement control\u00e9e.<\/li>\n<li>Les citoyens europ\u00e9ens attendent une rapide progression \u00e0 ce sujet afin d&rsquo;assurer leur protection, nous devons donc parvenir \u00e0 un accord avant la fin 2016 sur ce point majeur de la l\u00e9gislation.<\/li>\n<li>En parallele, la commission va de nouveau faire pression pour juguler le trafic des armes ill\u00e9gales \u00e0 l&rsquo;occasion de la conf\u00e9rence du minist\u00e8re de la justice et des affaires int\u00e9rieures des Balkans de l&rsquo;ouest le 15 et 16 d\u00e9cembre.<\/li>\n<\/ul>\n<p><!--more--><\/p>\n<p><em>Apr\u00e8s deux r\u00e9unions du trilogue, les col\u00e9gislateurs n&rsquo;\u00e9taient toujours pas en mesure de trouver un accord sur la r\u00e9vision de la directive relative aux armes \u00e0 feu. Il est imp\u00e9ratif de faire aboutir ces n\u00e9gociations pour mettre fin \u00e0 la circulation des armes d&rsquo;assaut \u00e0 usage militaire, y compris celles qui sont converties \u00e0 un usage semi-automatique. La Commission se positionne clairement en faveur de l&rsquo;interdiction de l&rsquo;usage civil des armes d&rsquo;assaut semi-automatiques d\u00e9riv\u00e9es de la famille \u00abAK47 Kalashnikov\u00bb et de la \u00abfamille AR15\u00bb, puisqu&rsquo;elles ont \u00e9t\u00e9 con\u00e7ues pour un usage militaire. La taille des chargeurs des armes \u00e0 feu courtes et longues devrait \u00eatre limit\u00e9e \u00e0 10 balles et ces armes devraient \u00eatre soumises \u00e0 une autorisation et \u00e0 des v\u00e9rifications rigoureuses, toute d\u00e9rogation \u00e9tant strictement limit\u00e9e et \u00e9troitement contr\u00f4l\u00e9e. Nous devons parvenir \u00e0 un accord sur cet instrument l\u00e9gislatif cl\u00e9 avant la fin de 2016 car les citoyens de l&rsquo;Union esp\u00e8rent des avanc\u00e9es rapides garantissant leur protection dans ce domaine. La Commission va, parall\u00e8lement, donner une nouvelle impulsion \u00e0 la r\u00e9pression du commerce illicite d&rsquo;armes \u00e0 feu, notamment lors de la conf\u00e9rence des ministres de la justice et de l&rsquo;int\u00e9rieur des \u00c9tats membres de l&rsquo;UE\/pays des Balkans occidentaux, les 15 et 16 d\u00e9cembre.<\/em><\/p>\n<p>Source: <a href=\"https:\/\/ec.europa.eu\/transparency\/regdoc\/rep\/1\/2016\/FR\/COM-2016-732-F1-FR-MAIN.PDF\" target=\"_blank\" rel=\"noreferrer noopener\">https:\/\/ec.europa.eu\/transparency\/regdoc\/rep\/1\/2016\/FR\/COM-2016-732-F1-FR-MAIN.PDF<\/a>","protected":false},"excerpt":{"rendered":"<p>D\u00e9sol\u00e9, cet article est seulement disponible en Anglais Am\u00e9ricain. Pour le confort de l\u2019utilisateur, le contenu est affich\u00e9 ci-dessous dans une autre langue. Vous pouvez cliquer le lien pour changer de langue active.The cat is out of the bag now&#8230; New attempt (16.11.2016!) by the EU commission to ban specifically: Civilian firearms of \u00ab\u00a0AR 15 family\u00a0\u00bb, also derivates Civilian firearms &#8230; <a href=\"https:\/\/www.firearms-united.com\/fr\/ar15-ak47-ban\/\" class=\"more-link\">Read More<\/a><\/p>\n","protected":false},"author":1985,"featured_media":1759,"comment_status":"open","ping_status":"open","sticky":false,"template":"","format":"standard","meta":{"sfsi_plus_gutenberg_text_before_share":"","sfsi_plus_gutenberg_show_text_before_share":"","sfsi_plus_gutenberg_icon_type":"","sfsi_plus_gutenberg_icon_alignemt":"","sfsi_plus_gutenburg_max_per_row":""},"categories":[11],"tags":[57,97,40,93,34,62,139],"_links":{"self":[{"href":"https:\/\/www.firearms-united.com\/fr\/wp-json\/wp\/v2\/posts\/1758"}],"collection":[{"href":"https:\/\/www.firearms-united.com\/fr\/wp-json\/wp\/v2\/posts"}],"about":[{"href":"https:\/\/www.firearms-united.com\/fr\/wp-json\/wp\/v2\/types\/post"}],"author":[{"embeddable":true,"href":"https:\/\/www.firearms-united.com\/fr\/wp-json\/wp\/v2\/users\/1985"}],"replies":[{"embeddable":true,"href":"https:\/\/www.firearms-united.com\/fr\/wp-json\/wp\/v2\/comments?post=1758"}],"version-history":[{"count":18,"href":"https:\/\/www.firearms-united.com\/fr\/wp-json\/wp\/v2\/posts\/1758\/revisions"}],"predecessor-version":[{"id":3196,"href":"https:\/\/www.firearms-united.com\/fr\/wp-json\/wp\/v2\/posts\/1758\/revisions\/3196"}],"wp:featuredmedia":[{"embeddable":true,"href":"https:\/\/www.firearms-united.com\/fr\/wp-json\/wp\/v2\/media\/1759"}],"wp:attachment":[{"href":"https:\/\/www.firearms-united.com\/fr\/wp-json\/wp\/v2\/media?parent=1758"}],"wp:term":[{"taxonomy":"category","embeddable":true,"href":"https:\/\/www.firearms-united.com\/fr\/wp-json\/wp\/v2\/categories?post=1758"},{"taxonomy":"post_tag","embeddable":true,"href":"https:\/\/www.firearms-united.com\/fr\/wp-json\/wp\/v2\/tags?post=1758"}],"curies":[{"name":"wp","href":"https:\/\/api.w.org\/{rel}","templated":true}]}}