{"id":1868,"date":"2016-11-25T11:51:01","date_gmt":"2016-11-25T10:51:01","guid":{"rendered":"http:\/\/firearms-united.com\/?p=1868"},"modified":"2016-11-26T08:24:06","modified_gmt":"2016-11-26T07:24:06","slug":"write-call-meps-now","status":"publish","type":"post","link":"https:\/\/www.firearms-united.com\/fr\/write-call-meps-now\/","title":{"rendered":"La Commission europ\u00e9enne revient \u00e0 la charge,  et lourdement !"},"content":{"rendered":"<strong><span style=\"font-family: Verdana;\">Un gros chantage, n&rsquo;h\u00e9sitons pas \u00e0 le dire, est apparemment encore une fois exerc\u00e9 par la CE sur les eurod\u00e9put\u00e9s pour qu&rsquo;ils acceptent au plus vite en l&rsquo;\u00e9tat les propositions du Conseil (celles de la pr\u00e9sidence hollandaise).<\/span><\/strong><\/p>\n<p><span style=\"font-family: Verdana;\">Les parlementaires qui commencent \u00e0 se lasser de ce sujet pourraient se laisser faire et pousser pour qu&rsquo;un vote ait lieu avant la fin de l&rsquo;ann\u00e9e en for\u00e7ant au passage tous les sujets qui \u00e9taient en suspens dans la n\u00e9gociation du trilogue&#8230;<\/span><\/p>\n<p><img decoding=\"async\" loading=\"lazy\" class=\"aligncenter size-full wp-image-1891\" src=\"http:\/\/firearms-united.com\/wp-content\/uploads\/2016\/11\/FR-meme.jpg\" alt=\"fr-meme\" width=\"1024\" height=\"672\" srcset=\"https:\/\/www.firearms-united.com\/wp-content\/uploads\/2016\/11\/FR-meme.jpg 1024w, https:\/\/www.firearms-united.com\/wp-content\/uploads\/2016\/11\/FR-meme-300x197.jpg 300w, https:\/\/www.firearms-united.com\/wp-content\/uploads\/2016\/11\/FR-meme-768x504.jpg 768w, https:\/\/www.firearms-united.com\/wp-content\/uploads\/2016\/11\/FR-meme-600x394.jpg 600w, https:\/\/www.firearms-united.com\/wp-content\/uploads\/2016\/11\/FR-meme-624x410.jpg 624w\" sizes=\"(max-width: 1024px) 100vw, 1024px\" \/><\/p>\n<p><span style=\"font-family: Verdana;\"><b>Campagne de courriers\/e-mails vers le Parlement europ\u00e9en au sujet des\u00a0<\/b><\/span><span style=\"font-family: Verdana;\"><b>points les plus ridicules de la Directive armes propos\u00e9s par la Commission, 2016<\/b><\/span><\/p>\n<p><span style=\"font-family: Verdana;\"><b>1) Conversion des armes \u00e0 feu (de full auto en semi-auto)\/r\u00e9activation<\/b><\/span><\/p>\n<p><span style=\"font-family: Verdana;\">Les normes D\u00c9JA ACTUELLEMENT EN VIGUEUR garantissent qu\u2019il n\u2019y a pas de moyens faciles pour reconvertir une arme en full-automatique une fois qu\u2019elle a \u00e9t\u00e9 convertie en semi-automatique. Selon ALAIN ALEXIS (de la Commission europ\u00e9enne) \u00ab la majorit\u00e9 des fusils convertis en semi-automatique provient des surplus de l\u2019arm\u00e9e Isra\u00e9lienne \u00bb \u2013 pourquoi alors ne pas CESSER DE LES IMPORTER ?<\/span><\/p>\n<p><span style=\"font-family: Verdana;\"><b>2) Changement de cat\u00e9gorie d\u2019une arme en fonction du chargeur qui y est ins\u00e9r\u00e9.<\/b><\/span><\/p>\n<p><span style=\"font-family: Verdana;\">C\u2019est absurde \u2013 c\u2019est comme devoir changer la carte grise de votre voiture chaque fois qu\u2019on passe des pneus \u00e9t\u00e9 aux pneus hiver.<\/span><\/p>\n<p><span style=\"font-family: Verdana;\">L\u2019exception \u00ab pour les tireurs sportifs et les collectionneurs \u00bb est encore moins sens\u00e9e, \u00e9tant donn\u00e9 que la grande majorit\u00e9 des d\u00e9tenteurs d\u2019armes semi-automatiques \u00e0 chargeur amovible l\u00e9gales appartiennent \u00e0 l\u2019une de ces deux cat\u00e9gories. Pourquoi l\u00e9gif\u00e9rer pour exempter 95 % de la population concern\u00e9e ?<\/span><\/p>\n<p><span style=\"font-family: Verdana;\"><b>3) Limitation de la capacit\u00e9 des chargeurs<\/b>\u00a0\u00a0\u00a0\u00a0\u00a0\u00a0\u00a0\u00a0<\/span><\/p>\n<p><span style=\"font-family: Verdana;\">La quantit\u00e9 de \u00ab chargeurs \u00e0 grande capacit\u00e9 \u00bb actuellement en circulation est totalement inconnue puisqu\u2019ils n\u2019ont jamais \u00e9t\u00e9 trac\u00e9s ou marqu\u00e9s (et ne le seront jamais, \u00e0 cause des pi\u00e8ces interchangeables comme la plaque de fond, le ressort, l\u2019\u00e9l\u00e9vateur, etc., pratiquement impossibles \u00e0 tracer ou \u00e0 marquer). \u00c9galement, quelle serait la norme de conversion ? Que se passera-t-il si un chargeur, pour cause de ressort avachi, peut soudainement contenir 21 cartouches au lieu de 20 ?<\/span><\/p>\n<p><span style=\"font-family: Verdana;\">De plus, les mesures draconiennes propos\u00e9es par la Commission (RETRAIT DE VOTRE AUTORISATION si vous d\u00e9tenez un chargeur de 30 coups) sont tout simplement absurdes.<\/span><\/p>\n<p><span style=\"font-family: Verdana;\">Les chargeurs de tout type NE S\u2019USENT PAS AU FIL DU TEMPS, et ils peuvent aussi \u00caTRE FACILEMENT FABRIQU\u00c9S AVEC UNE IMPRIMANTE 3D (m\u00eame les ressorts).<\/span><\/p>\n<p><span style=\"font-family: Verdana;\"><b>4) \u00c9valuation m\u00e9dicale et psychologique obligatoire (r\u00e9p\u00e9t\u00e9e) des d\u00e9tenteurs d\u2019armes l\u00e9gales<\/b><\/span><\/p>\n<p><span style=\"font-family: Verdana;\">Il n\u2019y a ABSOLUMENT AUCUNE RAISON d\u2019imposer de tels tests m\u00e9dicaux\/psychologiques aux d\u00e9tenteurs d\u2019armes respectant la loi. C\u2019est une discrimination n\u00e9gative \u00e0 leur encontre par comparaison au reste de la population, sans aucune raison visible. C\u2019est UNE SORTE DE RACISME \u00c9TATIQUE. De plus, personne n\u2019a jamais exig\u00e9 des tests m\u00e9dicaux et psychologiques pour les chauffeurs poids lourd apr\u00e8s le massacre de Nice ou pour les d\u00e9tenteurs de hache\/machette apr\u00e8s les attentats en Allemagne.<\/span><\/p>\n<p><span style=\"font-family: Verdana;\"><b>5) Sortie de la zone Schengen de la Suisse<\/b><\/span><\/p>\n<p><span style=\"font-family: Verdana;\">Les Suisses (le pays ayant la plus grande densit\u00e9 d\u2019armes \u00e0 feu en Europe : il y a AU MOINS UN FUSIL D\u2019ASSAUT PAR FAMILLE), ont d\u00e9j\u00e0 dit clairement qu\u2019ils N\u2019ACCEPTERONT AUCUNE RESTRICTION SUPPL\u00c9MENTAIRE \u2013 et ils envisagent s\u00e9rieusement la tenue d\u2019un r\u00e9f\u00e9rendum pour quitter la zone Schengen pour ne pas \u00eatre affect\u00e9s par aucune disposition de la Directive de la Commission. De plus, ils ont L\u2019UN DES PLUS FAIBLES TAUX D\u2019HOMICIDE DE TOUTE L\u2019EUROPE.<\/span><\/p>\n<p><span style=\"font-family: Verdana;\"><b>6) La vision d\u00e9form\u00e9e des r\u00e9alit\u00e9s par la Commission et futur comportement \u00e9lectoral<\/b><\/span><\/p>\n<p><span style=\"font-family: Verdana;\">La CE n\u2019a JAMAIS D\u00c9MONTR\u00c9 LA MOINDRE CONNEXION entre les d\u00e9tenteurs l\u00e9gaux et les milieux criminels\/terroristes. Tout simplement PARCE QU\u2019IL N\u2019Y EN A PAS. La plupart des armes ill\u00e9gales passent en contrebande en provenance des Balkans, comme \u00e7\u2019a \u00e9t\u00e9 d\u00e9montr\u00e9 par une cha\u00eene de t\u00e9l\u00e9vision fran\u00e7aise il y a quelques ann\u00e9es.<\/span><\/p>\n<p><span style=\"font-family: Verdana;\">En tant qu\u2019\u00e9lecteur, permettez-moi de dire que, dans l\u2019isoloir, \u00e0 la prochaine occasion, JE ME SOUVIENDRAI DE QUI A PROT\u00c9G\u00c9 MES DROITS. Et je peux \u00e9galement vous assurer que, SI CETTE DIRECTIVE EST PROMULGU\u00c9E EN L\u2019\u00c9TAT, alors je voterai \u00c0 PARTIR DE MAINTENANT DANS MON PAYS POUR UN PARTI ANTI-EUROP\u00c9EN.<\/span><\/p>\n<p>Download: <strong><a href=\"http:\/\/firearms-united.com\/wp-content\/uploads\/2016\/11\/FR-points_de_discusson_Nov2016.pdf\">Points de discussion<\/a><\/strong><\/p>\n<p><a title=\"\"><span style=\"color: #0000ff; font-family: Verdana;\"><u>Liste de nos eurod\u00e9put\u00e9s fran\u00e7ais<\/u><\/span><\/a><\/p>\n<p style=\"text-align: right;\"><strong><a href=\"http:\/\/www.unpact.net\/pressions_ce.html\">http:\/\/www.unpact.net\/pressions_ce.html<\/a><\/strong><\/p>","protected":false},"excerpt":{"rendered":"<p>D\u00e9sol\u00e9, cet article est seulement disponible en Anglais Am\u00e9ricain. Pour le confort de l\u2019utilisateur, le contenu est affich\u00e9 ci-dessous dans une autre langue. Vous pouvez cliquer le lien pour changer de langue active.PLEASE SHARE AND ACT:\u00a0EU COMMISSION WILL ENABLE ORIGINAL EUGUNBAN PROPOSAL Perhaps it is due to our facts which we presented last Wednesday in Brussels and which were not &#8230; <a href=\"https:\/\/www.firearms-united.com\/fr\/write-call-meps-now\/\" class=\"more-link\">Read More<\/a><\/p>\n","protected":false},"author":5,"featured_media":1870,"comment_status":"open","ping_status":"open","sticky":false,"template":"","format":"standard","meta":{"sfsi_plus_gutenberg_text_before_share":"","sfsi_plus_gutenberg_show_text_before_share":"","sfsi_plus_gutenberg_icon_type":"","sfsi_plus_gutenberg_icon_alignemt":"","sfsi_plus_gutenburg_max_per_row":""},"categories":[2],"tags":[120,40,71],"_links":{"self":[{"href":"https:\/\/www.firearms-united.com\/fr\/wp-json\/wp\/v2\/posts\/1868"}],"collection":[{"href":"https:\/\/www.firearms-united.com\/fr\/wp-json\/wp\/v2\/posts"}],"about":[{"href":"https:\/\/www.firearms-united.com\/fr\/wp-json\/wp\/v2\/types\/post"}],"author":[{"embeddable":true,"href":"https:\/\/www.firearms-united.com\/fr\/wp-json\/wp\/v2\/users\/5"}],"replies":[{"embeddable":true,"href":"https:\/\/www.firearms-united.com\/fr\/wp-json\/wp\/v2\/comments?post=1868"}],"version-history":[{"count":13,"href":"https:\/\/www.firearms-united.com\/fr\/wp-json\/wp\/v2\/posts\/1868\/revisions"}],"predecessor-version":[{"id":1894,"href":"https:\/\/www.firearms-united.com\/fr\/wp-json\/wp\/v2\/posts\/1868\/revisions\/1894"}],"wp:featuredmedia":[{"embeddable":true,"href":"https:\/\/www.firearms-united.com\/fr\/wp-json\/wp\/v2\/media\/1870"}],"wp:attachment":[{"href":"https:\/\/www.firearms-united.com\/fr\/wp-json\/wp\/v2\/media?parent=1868"}],"wp:term":[{"taxonomy":"category","embeddable":true,"href":"https:\/\/www.firearms-united.com\/fr\/wp-json\/wp\/v2\/categories?post=1868"},{"taxonomy":"post_tag","embeddable":true,"href":"https:\/\/www.firearms-united.com\/fr\/wp-json\/wp\/v2\/tags?post=1868"}],"curies":[{"name":"wp","href":"https:\/\/api.w.org\/{rel}","templated":true}]}}