{"id":2388,"date":"2017-02-24T10:24:35","date_gmt":"2017-02-24T09:24:35","guid":{"rendered":"http:\/\/firearms-united.com\/?p=2388"},"modified":"2017-02-24T10:24:35","modified_gmt":"2017-02-24T09:24:35","slug":"eu-wont-defeat-us-video","status":"publish","type":"post","link":"https:\/\/www.firearms-united.com\/fr\/eu-wont-defeat-us-video\/","title":{"rendered":"\u00a0\u00bbEU WON&rsquo;T DEFEAT US\u00a0\u00bb &#8211; video"},"content":{"rendered":"<p class=\"qtranxs-available-languages-message qtranxs-available-languages-message-fr\">D\u00e9sol\u00e9, cet article est seulement disponible en <a href=\"https:\/\/www.firearms-united.com\/en\/wp-json\/wp\/v2\/posts\/2388\" class=\"qtranxs-available-language-link qtranxs-available-language-link-en\" title=\"English\">Anglais Am\u00e9ricain<\/a> et <a href=\"https:\/\/www.firearms-united.com\/pl\/wp-json\/wp\/v2\/posts\/2388\" class=\"qtranxs-available-language-link qtranxs-available-language-link-pl\" title=\"Polski\">Polonais<\/a>. Pour le confort de l\u2019utilisateur, le contenu est affich\u00e9 ci-dessous dans la langue par d\u00e9faut du site. Vous pouvez cliquer l\u2019un des liens pour changer la langue du site en une autre langue disponible.<\/p>The goal is to disarm Europe and make it defenseless &#8211; at least that is what the European Commission tries to do for the last 18 months. Fortunately, this action is being pushed back by the law abiding firearms owners. Why the Eurocrats try do so? Isn\u2019t it that making a terrorists\u2019 life easier should be considered a treason? For whom the European Commission works? Does the MEPs DO UNDERSTAND WHAT ARE THEY VOTE UPON AND DO THEY CREATE LAWS CONSCIOUSLY? See for yourself in this shocking material on incompetence of modern Europe.<br \/>\n<iframe loading=\"lazy\" src=\"https:\/\/www.youtube.com\/embed\/vjRd09MibEY\" width=\"854\" height=\"480\" frameborder=\"0\" allowfullscreen=\"allowfullscreen\"><\/iframe>","protected":false},"excerpt":{"rendered":"<p>D\u00e9sol\u00e9, cet article est seulement disponible en Anglais Am\u00e9ricain et Polonais. Pour le confort de l\u2019utilisateur, le contenu est affich\u00e9 ci-dessous dans la langue par d\u00e9faut du site. Vous pouvez cliquer l\u2019un des liens pour changer la langue du site en une autre langue disponible.The goal is to disarm Europe and make it defenseless &#8211; at least that is what &#8230; <a href=\"https:\/\/www.firearms-united.com\/fr\/eu-wont-defeat-us-video\/\" class=\"more-link\">Read More<\/a><\/p>\n","protected":false},"author":2,"featured_media":0,"comment_status":"open","ping_status":"open","sticky":false,"template":"","format":"standard","meta":{"sfsi_plus_gutenberg_text_before_share":"","sfsi_plus_gutenberg_show_text_before_share":"","sfsi_plus_gutenberg_icon_type":"","sfsi_plus_gutenberg_icon_alignemt":"","sfsi_plus_gutenburg_max_per_row":""},"categories":[12],"tags":[107,57,119,120,40,69,93,34,188,35,109],"_links":{"self":[{"href":"https:\/\/www.firearms-united.com\/fr\/wp-json\/wp\/v2\/posts\/2388"}],"collection":[{"href":"https:\/\/www.firearms-united.com\/fr\/wp-json\/wp\/v2\/posts"}],"about":[{"href":"https:\/\/www.firearms-united.com\/fr\/wp-json\/wp\/v2\/types\/post"}],"author":[{"embeddable":true,"href":"https:\/\/www.firearms-united.com\/fr\/wp-json\/wp\/v2\/users\/2"}],"replies":[{"embeddable":true,"href":"https:\/\/www.firearms-united.com\/fr\/wp-json\/wp\/v2\/comments?post=2388"}],"version-history":[{"count":1,"href":"https:\/\/www.firearms-united.com\/fr\/wp-json\/wp\/v2\/posts\/2388\/revisions"}],"predecessor-version":[{"id":2389,"href":"https:\/\/www.firearms-united.com\/fr\/wp-json\/wp\/v2\/posts\/2388\/revisions\/2389"}],"wp:attachment":[{"href":"https:\/\/www.firearms-united.com\/fr\/wp-json\/wp\/v2\/media?parent=2388"}],"wp:term":[{"taxonomy":"category","embeddable":true,"href":"https:\/\/www.firearms-united.com\/fr\/wp-json\/wp\/v2\/categories?post=2388"},{"taxonomy":"post_tag","embeddable":true,"href":"https:\/\/www.firearms-united.com\/fr\/wp-json\/wp\/v2\/tags?post=2388"}],"curies":[{"name":"wp","href":"https:\/\/api.w.org\/{rel}","templated":true}]}}