{"id":2410,"date":"2017-03-03T09:02:25","date_gmt":"2017-03-03T08:02:25","guid":{"rendered":"http:\/\/firearms-united.com\/?p=2410"},"modified":"2017-10-28T17:43:44","modified_gmt":"2017-10-28T15:43:44","slug":"czech-minister-wants-guarantee-right-keep-bear-arms","status":"publish","type":"post","link":"https:\/\/www.firearms-united.com\/fr\/czech-minister-wants-guarantee-right-keep-bear-arms\/","title":{"rendered":"Czech minister wants to guarantee the right to keep and bear arms"},"content":{"rendered":"<p class=\"qtranxs-available-languages-message qtranxs-available-languages-message-fr\">D\u00e9sol\u00e9, cet article est seulement disponible en <a href=\"https:\/\/www.firearms-united.com\/en\/wp-json\/wp\/v2\/posts\/2410\" class=\"qtranxs-available-language-link qtranxs-available-language-link-en\" title=\"English\">Anglais Am\u00e9ricain<\/a>. Pour le confort de l\u2019utilisateur, le contenu est affich\u00e9 ci-dessous dans une autre langue. Vous pouvez cliquer le lien pour changer de langue active.<\/p><strong>A constitutional amendment would enable Czechs to acquire and possess a gun for security purposes. This is a partial response to the proposed EU Firearms Directive. <a href=\"http:\/\/euractiv.cz\/\">EURACTIV Czech Republic reports.<\/a><\/strong><\/p>\n<p>Here some snippets which refer to Brussels&rsquo; Firearms Directive:<\/p>\n<blockquote><p>Almost all of the Czech MEPs have already expressed their negative position to the Firearms Directive.<\/p>\n<p><strong>They are also preparing new amendments to the proposal and convincing other MEPs to vote against at plenary session scheduled on 14 March.<\/strong> Czech ANO 2011 MEP Pavel Teli\u010dka, vice-president of ALDE, has already announced that his faction will not support the Firearms Directive.<\/p>\n<p>\u201cThere is a rare consensus among Czech MEPs on this matter with only one exception,\u201d Czech K\u0159es\u0165an<span class=\"text_exposed_show\">sk\u00e1 a demokratick\u00e1 unie MEP Tom\u00e1\u0161 Zdechovsk\u00fd (EPP) said.<\/span><\/p>\n<div class=\"text_exposed_show\">\n<p>\u201cThere are still some provisions full of contradiction in the proposal such as restricting the rights of legal owners, groundless limits for magazines capacity and also some sanctions and obligations for sport-shooters,\u201d EURACTIV.cz was told by Czech MEP Dita Charanzov\u00e1 (ALDE) who is the vice-president of IMCO.<\/p>\n<\/div>\n<\/blockquote>\n<div class=\"text_exposed_show\">\n<p>Read the whole article:<strong> <a href=\"http:\/\/www.euractiv.com\/section\/politics\/news\/czech-minister-wants-to-guarantee-the-right-to-keep-and-bear-arms\/\">LINK<\/a><\/strong><\/p>\n<p>Read more about\u00a0Czech MEP Dita Charanzov\u00e1&rsquo;s next steps here<strong>: <a href=\"http:\/\/firearms-united.com\/2017\/02\/19\/eu-gun-ban-dita-charanzova-speaks-out-to-firearms-united\/\">Link<\/a><\/strong><\/p>\n<p>Read more about our Czech partner LEX who is fighting against the EU Gunban:<strong> <a href=\"http:\/\/gunlex.cz\/\">Link<\/a><\/strong><\/p>\n<\/div>","protected":false},"excerpt":{"rendered":"<p>D\u00e9sol\u00e9, cet article est seulement disponible en Anglais Am\u00e9ricain. Pour le confort de l\u2019utilisateur, le contenu est affich\u00e9 ci-dessous dans une autre langue. Vous pouvez cliquer le lien pour changer de langue active.A constitutional amendment would enable Czechs to acquire and possess a gun for security purposes. This is a partial response to the proposed EU Firearms Directive. EURACTIV Czech &#8230; <a href=\"https:\/\/www.firearms-united.com\/fr\/czech-minister-wants-guarantee-right-keep-bear-arms\/\" class=\"more-link\">Read More<\/a><\/p>\n","protected":false},"author":5,"featured_media":0,"comment_status":"open","ping_status":"open","sticky":false,"template":"","format":"standard","meta":{"sfsi_plus_gutenberg_text_before_share":"","sfsi_plus_gutenberg_show_text_before_share":"","sfsi_plus_gutenberg_icon_type":"","sfsi_plus_gutenberg_icon_alignemt":"","sfsi_plus_gutenburg_max_per_row":""},"categories":[9],"tags":[190,164,120,189],"_links":{"self":[{"href":"https:\/\/www.firearms-united.com\/fr\/wp-json\/wp\/v2\/posts\/2410"}],"collection":[{"href":"https:\/\/www.firearms-united.com\/fr\/wp-json\/wp\/v2\/posts"}],"about":[{"href":"https:\/\/www.firearms-united.com\/fr\/wp-json\/wp\/v2\/types\/post"}],"author":[{"embeddable":true,"href":"https:\/\/www.firearms-united.com\/fr\/wp-json\/wp\/v2\/users\/5"}],"replies":[{"embeddable":true,"href":"https:\/\/www.firearms-united.com\/fr\/wp-json\/wp\/v2\/comments?post=2410"}],"version-history":[{"count":1,"href":"https:\/\/www.firearms-united.com\/fr\/wp-json\/wp\/v2\/posts\/2410\/revisions"}],"predecessor-version":[{"id":2411,"href":"https:\/\/www.firearms-united.com\/fr\/wp-json\/wp\/v2\/posts\/2410\/revisions\/2411"}],"wp:attachment":[{"href":"https:\/\/www.firearms-united.com\/fr\/wp-json\/wp\/v2\/media?parent=2410"}],"wp:term":[{"taxonomy":"category","embeddable":true,"href":"https:\/\/www.firearms-united.com\/fr\/wp-json\/wp\/v2\/categories?post=2410"},{"taxonomy":"post_tag","embeddable":true,"href":"https:\/\/www.firearms-united.com\/fr\/wp-json\/wp\/v2\/tags?post=2410"}],"curies":[{"name":"wp","href":"https:\/\/api.w.org\/{rel}","templated":true}]}}