{"id":2468,"date":"2017-04-09T14:11:09","date_gmt":"2017-04-09T12:11:09","guid":{"rendered":"https:\/\/firearms-united.com\/?p=2468"},"modified":"2017-04-11T00:42:58","modified_gmt":"2017-04-10T22:42:58","slug":"swedish-vehicle-attack-wasnt-question","status":"publish","type":"post","link":"https:\/\/www.firearms-united.com\/it\/swedish-vehicle-attack-wasnt-question\/","title":{"rendered":"Attentato di Stoccolma: non questione di &#8220;se&#8221;, ma di &#8220;quando&#8221;"},"content":{"rendered":"<h2 class=\"entry-title\"><strong>La tragedia di Stoccolma \u00e8 un avvertimento: la vecchia Svezia non esiste pi\u00f9. Quest&#8217;attacco alla societ\u00e0 svedese non era una questione di &#8220;se&#8221;, ma di &#8220;quando&#8221;.<\/strong><\/h2>\n<div class=\"entry-content\">\n<p>Da tempo la Svezia si era guadagnata un posto tra i bersagli del terrorismo islamico: a Natale del 2010 il militante islamico Taimour Abdulwahab \u2013 abitante a Tran\u00e5s ma radicalizzatosi a Luton, nel Regno Unito, un terreno di coltura ormai famoso per gli estremisti islamici \u2013 si \u00e8 fatto esplodere al centro di Stoccolma tra la gente che faceva le compere natalizie. Tuttavia, Abdulwahab uccise solo se&#8217; stesso, ed \u00e8 forse stata la mancanza di altre vittime che ha consentito alla Svezia di continuare a tenere un atteggiamento tollerante nei confronti delle interpretazioni radicali dell&#8217;Islam. La paura di essere etichettati come &#8220;razzisti&#8221; e &#8220;islamofobici&#8221; \u00e8 reale, e condiziona pesantemente la vita pubblica quotidiana degli svedesi.<\/p>\n<p>L&#8217;attacco terroristico dell&#8217;8 aprile non ha visto l&#8217;uso di strumenti o materiali disponibili solo sul mercato nero o utilizzabili solo dopo aver acquisito conoscenze speciali; l&#8217;attentatore ha usato un TIR rubato, come l&#8217;attentatore di Nizza (<em>sul TIR era presente un ordigno artigianale, che tuttavia fortunatamente non \u00e8 esploso<\/em>). Ancora una volta abbiamo avuto la dimostrazione di come le politiche ideologiche e le loro soluzioni facili non sono in grado di affrontare l&#8217;odio che i terroristi ispirati dall&#8217;ideologia politica e religiosa nutrono nei confronti delle nostre societ\u00e0 aperte.<\/p>\n<p>Ironicamente, lo stesso giorno dell&#8217;attentato portato avanti a Stoccolma con un camion rubato, il Partito Moderato ha dato il via al governo a guida socialista per <strong>votare &#8220;si&#8221;, in sede di Consiglio dell&#8217;Unione Europea, alla modifica della direttiva europea sulle armi come uscita il mese scorso dall&#8217;Europarlamento<\/strong>. Tutti gli altri partiti liberali e conservatori si sono opposti, ma apparentemente per il Partito Moderato le buone relazioni con Bruxelles sono pi\u00f9 importanti delle libert\u00e0 individuali e dei diritti civili degli svedesi, e un ottimo motivo per accodarsi a socialisti e verdi.<\/p>\n<h3>Protezione<\/h3>\n<p>Ma come si pu\u00f2 proteggere una societ\u00e0 contro i terroristi che, in nome di un credo religioso, guidano camion a tutta velocit\u00e0 sulle strade pedonali con l&#8217;intento di uccidere quanti pi\u00f9 innocenti possibile?<\/p>\n<p>La risposta \u00e8 semplice: <strong>non si pu\u00f2<\/strong>, e di certo non ci si riesce tramite soluzioni ideologiche che vanno a colpire solo i cittadini onesti. Le migliori speranze di combattere efficacemente il terrorismo sono riposte nell&#8217;<em>Intelligence<\/em>, nel controllo delle frontiere, nel miglioramento delle condizioni sociali in alcune aree tendendi a diventare terreno di coltura per il radicalismo, e una revisione del sistema legale, con particolar riguardo alla definizione delle attivit\u00e0 sovversive ed eversive.<\/p>\n<h3>Serve una discussione<\/h3>\n<p>La societ\u00e0 svedese \u2013 e con essa le societ\u00e0 di tutti i Paesi dell&#8217;Europa occidentale \u2013 deve intavolare una discussione su quale sia il confine tra la libert\u00e0 di religione e di parola e attivit\u00e0 da considerarsi criminali come, ad esempio, la propaganda di stampo salafita. Cosa costituisce &#8220;eversione&#8221;? Mettersi al servizio di un&#8217;organizzazione terroristica anche &#8220;soltanto&#8221; per finanziarla o per reclutare adepti dev&#8217;essere considerato terrorismo\u00a0<em>tout court<\/em>. Le attivit\u00e0 sovversive e l&#8217;organizzazione di milizie sono illegali in Svezia \u2013 cos\u00ec come in tutti i Paesi UE \u2013 eppure nel Paese nordico e in molti altri Stati Membri dell&#8217;Unione si \u00e8 sviluppato al riguardo un livello monumentale di tolleranza: recentemente due uomini arrestati per aver portato avanti attivit\u00e0 di finanziamento e reclutamento per l&#8217;ISIS sono stati accusati solo di frode, <em>non <\/em>di terrorismo, perch\u00e9 i magistrati svedesi hanno voluto dare maggiore importanza alla libert\u00e0 d&#8217;organizzazione anche in un caso come questo.<\/p>\n<p><a href=\"http:\/\/www.na.se\/blaljus\/terrormisstankta-mannen-fran-vivalla-ska-atalas-for-bedrageri-det-ar-ett-misslyckande\">http:\/\/www.na.se\/blaljus\/terrormisstankta-mannen-fran-vivalla-ska-atalas-for-bedrageri-det-ar-ett-misslyckande<\/a><\/p>\n<p>\u00c8 necessario intavolare una discussione al riguardo, alla luce dell&#8217;attentato di Stoccolma, ma non sar\u00e0 facile in un clima politico in cui qualsiasi forma di critica all&#8217;Islam viene etichettato come <em>&#8220;rimestare nel torbido<\/em>\u201d. Il paradigma politico deve cambiare, in Svezia come in molti altri Stati europei, se non vogliamo che il terrorismo riempia ancora le nostre strade di morti innocenti.<\/p>\n<p><strong>Articolo pubblicato originariamente sul blog <a title=\"blickovernejden\" href=\"https:\/\/blickovernejden.wordpress.com\/\" rel=\"home\">blickovernejden<\/a><\/strong><\/p>\n<\/div>","protected":false},"excerpt":{"rendered":"<p>Ci spiace, ma questo articolo \u00e8 disponibile soltanto in Inglese Americano. Per ragioni di convenienza del visitatore, il contenuto \u00e8 mostrato sotto nella lingua alternativa. Puoi cliccare sul link per cambiare la lingua attiva.Yesterdays tragedy in Stockholm was a surreal awakening that the Sweden of old is since long gone. As such this attack upon Swedish society was just a &#8230; <a href=\"https:\/\/www.firearms-united.com\/it\/swedish-vehicle-attack-wasnt-question\/\" class=\"more-link\">Read More<\/a><\/p>\n","protected":false},"author":5,"featured_media":2469,"comment_status":"open","ping_status":"open","sticky":false,"template":"","format":"standard","meta":{"sfsi_plus_gutenberg_text_before_share":"","sfsi_plus_gutenberg_show_text_before_share":"","sfsi_plus_gutenberg_icon_type":"","sfsi_plus_gutenberg_icon_alignemt":"","sfsi_plus_gutenburg_max_per_row":""},"categories":[9],"tags":[76,116],"_links":{"self":[{"href":"https:\/\/www.firearms-united.com\/it\/wp-json\/wp\/v2\/posts\/2468"}],"collection":[{"href":"https:\/\/www.firearms-united.com\/it\/wp-json\/wp\/v2\/posts"}],"about":[{"href":"https:\/\/www.firearms-united.com\/it\/wp-json\/wp\/v2\/types\/post"}],"author":[{"embeddable":true,"href":"https:\/\/www.firearms-united.com\/it\/wp-json\/wp\/v2\/users\/5"}],"replies":[{"embeddable":true,"href":"https:\/\/www.firearms-united.com\/it\/wp-json\/wp\/v2\/comments?post=2468"}],"version-history":[{"count":6,"href":"https:\/\/www.firearms-united.com\/it\/wp-json\/wp\/v2\/posts\/2468\/revisions"}],"predecessor-version":[{"id":2476,"href":"https:\/\/www.firearms-united.com\/it\/wp-json\/wp\/v2\/posts\/2468\/revisions\/2476"}],"wp:featuredmedia":[{"embeddable":true,"href":"https:\/\/www.firearms-united.com\/it\/wp-json\/wp\/v2\/media\/2469"}],"wp:attachment":[{"href":"https:\/\/www.firearms-united.com\/it\/wp-json\/wp\/v2\/media?parent=2468"}],"wp:term":[{"taxonomy":"category","embeddable":true,"href":"https:\/\/www.firearms-united.com\/it\/wp-json\/wp\/v2\/categories?post=2468"},{"taxonomy":"post_tag","embeddable":true,"href":"https:\/\/www.firearms-united.com\/it\/wp-json\/wp\/v2\/tags?post=2468"}],"curies":[{"name":"wp","href":"https:\/\/api.w.org\/{rel}","templated":true}]}}