{"id":1067,"date":"2016-06-16T15:46:26","date_gmt":"2016-06-16T13:46:26","guid":{"rendered":"http:\/\/firearms-united.com\/?p=1067"},"modified":"2016-08-10T12:08:41","modified_gmt":"2016-08-10T10:08:41","slug":"european-commission-lying-video-coverage","status":"publish","type":"post","link":"https:\/\/www.firearms-united.com\/pt\/european-commission-lying-video-coverage\/","title":{"rendered":"Why is the European Commission lying? &#8211; Video Coverage"},"content":{"rendered":"<p class=\"qtranxs-available-languages-message qtranxs-available-languages-message-pt\">Desculpe, este conte\u00fado s\u00f3 est\u00e1 dispon\u00edvel em <a href=\"https:\/\/www.firearms-united.com\/en\/wp-json\/wp\/v2\/posts\/1067\" class=\"qtranxs-available-language-link qtranxs-available-language-link-en\" title=\"English\">Ingl\u00eas (Eua)<\/a>, <a href=\"https:\/\/www.firearms-united.com\/de\/wp-json\/wp\/v2\/posts\/1067\" class=\"qtranxs-available-language-link qtranxs-available-language-link-de\" title=\"Deutsch\">Alem\u00e3o<\/a>, <a href=\"https:\/\/www.firearms-united.com\/it\/wp-json\/wp\/v2\/posts\/1067\" class=\"qtranxs-available-language-link qtranxs-available-language-link-it\" title=\"Italiano\">Italiano<\/a>, <a href=\"https:\/\/www.firearms-united.com\/fr\/wp-json\/wp\/v2\/posts\/1067\" class=\"qtranxs-available-language-link qtranxs-available-language-link-fr\" title=\"Fran\u00e7ais\">Franc\u00eas<\/a>, <a href=\"https:\/\/www.firearms-united.com\/es\/wp-json\/wp\/v2\/posts\/1067\" class=\"qtranxs-available-language-link qtranxs-available-language-link-es\" title=\"Espa\u00f1ol\">Espanhol Europeu<\/a>, <a href=\"https:\/\/www.firearms-united.com\/fi\/wp-json\/wp\/v2\/posts\/1067\" class=\"qtranxs-available-language-link qtranxs-available-language-link-fi\" title=\"suomi\">Finland\u00eas<\/a> e <a href=\"https:\/\/www.firearms-united.com\/pl\/wp-json\/wp\/v2\/posts\/1067\" class=\"qtranxs-available-language-link qtranxs-available-language-link-pl\" title=\"Polski\">Polaco<\/a>. Por uma quest\u00e3o de conveni\u00eancia para o utilizador, o conte\u00fado \u00e9 mostrado abaixo no idioma por omiss\u00e3o para este site. Pode clicar numa das liga\u00e7\u00f5es para mudar o site para outro idioma dispon\u00edvel.<\/p><p style=\"text-align: justify;\"><img decoding=\"async\" loading=\"lazy\" class=\"size-medium wp-image-1076 alignleft\" src=\"http:\/\/firearms-united.com\/wp-content\/uploads\/2016\/06\/HCa0iM-300x179.png\" alt=\"HCa0iM\" width=\"300\" height=\"179\" srcset=\"https:\/\/www.firearms-united.com\/wp-content\/uploads\/2016\/06\/HCa0iM-300x179.png 300w, https:\/\/www.firearms-united.com\/wp-content\/uploads\/2016\/06\/HCa0iM-600x358.png 600w, https:\/\/www.firearms-united.com\/wp-content\/uploads\/2016\/06\/HCa0iM-624x372.png 624w, https:\/\/www.firearms-united.com\/wp-content\/uploads\/2016\/06\/HCa0iM.png 735w\" sizes=\"(max-width: 300px) 100vw, 300px\" \/>On June 1st Andrzej Leszczy\u0144ski (GUN TV), Tomasz St\u0119pie\u0144 (Firearms United) and Jaros\u0142aw Lewandowski (Fundacja Rozwoju Strzelectwa) participated in debate at the European Parlament in Brussels organised by European Foundation For Freedom with the participation of Members Of European Parliament &#8211; Robert Iwaszkiewicz and Janusz Korwin-Mikke. Subject of debate was\u00a0constricting the access to firearms for law-abiding citizens. Magnificent work was done! Huge &#8220;Thank You!&#8221;<\/p>\n<p style=\"text-align: justify;\"><!--more--><\/p>\n<p><iframe loading=\"lazy\" src=\"https:\/\/www.youtube.com\/embed\/e7t5oR0V0WI\" width=\"754\" height=\"480\" frameborder=\"0\" allowfullscreen=\"allowfullscreen\"><\/iframe><\/p>\n<p>Also You can download PowerPoint file presented by Tomasz St\u0119pie\u0144\u00a0during debate.<br \/>\n<strong><a href=\"http:\/\/firearms-united.com\/wp-content\/uploads\/2016\/06\/EFF_event_v5_plv2.ppt\">PL<\/a>\u00a0| <a href=\"http:\/\/firearms-united.com\/wp-content\/uploads\/2016\/06\/EFF_event_v5.ppt\">EN<\/a><\/strong>","protected":false},"excerpt":{"rendered":"<p>Desculpe, este conte\u00fado s\u00f3 est\u00e1 dispon\u00edvel em Ingl\u00eas (Eua). Por uma quest\u00e3o de conveni\u00eancia para o utilizador, o conte\u00fado \u00e9 mostrado abaixo no idioma alternativo. Pode clicar na liga\u00e7\u00e3o para alterar o idioma activo.On June 1st Andrzej Leszczy\u0144ski (GUN TV), Tomasz St\u0119pie\u0144 (Firearms United) and Jaros\u0142aw Lewandowski (Fundacja Rozwoju Strzelectwa) participated in debate at the European Parlament in Brussels organised &#8230; <a href=\"https:\/\/www.firearms-united.com\/pt\/european-commission-lying-video-coverage\/\" class=\"more-link\">Read More<\/a><\/p>\n","protected":false},"author":2,"featured_media":0,"comment_status":"open","ping_status":"open","sticky":false,"template":"","format":"standard","meta":{"sfsi_plus_gutenberg_text_before_share":"","sfsi_plus_gutenberg_show_text_before_share":"","sfsi_plus_gutenberg_icon_type":"","sfsi_plus_gutenberg_icon_alignemt":"","sfsi_plus_gutenburg_max_per_row":""},"categories":[12],"tags":[107,57,42,40,112,61,108,34,110,111,109],"_links":{"self":[{"href":"https:\/\/www.firearms-united.com\/pt\/wp-json\/wp\/v2\/posts\/1067"}],"collection":[{"href":"https:\/\/www.firearms-united.com\/pt\/wp-json\/wp\/v2\/posts"}],"about":[{"href":"https:\/\/www.firearms-united.com\/pt\/wp-json\/wp\/v2\/types\/post"}],"author":[{"embeddable":true,"href":"https:\/\/www.firearms-united.com\/pt\/wp-json\/wp\/v2\/users\/2"}],"replies":[{"embeddable":true,"href":"https:\/\/www.firearms-united.com\/pt\/wp-json\/wp\/v2\/comments?post=1067"}],"version-history":[{"count":13,"href":"https:\/\/www.firearms-united.com\/pt\/wp-json\/wp\/v2\/posts\/1067\/revisions"}],"predecessor-version":[{"id":1483,"href":"https:\/\/www.firearms-united.com\/pt\/wp-json\/wp\/v2\/posts\/1067\/revisions\/1483"}],"wp:attachment":[{"href":"https:\/\/www.firearms-united.com\/pt\/wp-json\/wp\/v2\/media?parent=1067"}],"wp:term":[{"taxonomy":"category","embeddable":true,"href":"https:\/\/www.firearms-united.com\/pt\/wp-json\/wp\/v2\/categories?post=1067"},{"taxonomy":"post_tag","embeddable":true,"href":"https:\/\/www.firearms-united.com\/pt\/wp-json\/wp\/v2\/tags?post=1067"}],"curies":[{"name":"wp","href":"https:\/\/api.w.org\/{rel}","templated":true}]}}