{"id":1744,"date":"2016-11-13T09:49:36","date_gmt":"2016-11-13T08:49:36","guid":{"rendered":"http:\/\/firearms-united.com\/?p=1744"},"modified":"2017-02-19T18:16:06","modified_gmt":"2017-02-19T17:16:06","slug":"urge-mep-visit-conference-live-virtually","status":"publish","type":"post","link":"https:\/\/www.firearms-united.com\/pt\/urge-mep-visit-conference-live-virtually\/","title":{"rendered":"Urge your MEP to visit our conference &#8211; live or virtually!"},"content":{"rendered":"<p class=\"qtranxs-available-languages-message qtranxs-available-languages-message-pt\">Desculpe, este conte\u00fado s\u00f3 est\u00e1 dispon\u00edvel em <a href=\"https:\/\/www.firearms-united.com\/en\/wp-json\/wp\/v2\/posts\/1744\" class=\"qtranxs-available-language-link qtranxs-available-language-link-en\" title=\"English\">Ingl\u00eas (Eua)<\/a>. Por uma quest\u00e3o de conveni\u00eancia para o utilizador, o conte\u00fado \u00e9 mostrado abaixo no idioma alternativo. Pode clicar na liga\u00e7\u00e3o para alterar o idioma activo.<\/p><strong><br \/>\nThe conference, due to the huge number of participants and co-organizers, promises to be the most important ever held in Brussels on the subject of gun control, and will be an important occasion to reveal and explain to MEPs the lies on which the European Commission has built its ignoble proposal.<\/strong><\/p>\n<p>I<img decoding=\"async\" loading=\"lazy\" class=\" wp-image-1745 alignright\" src=\"http:\/\/firearms-united.com\/wp-content\/uploads\/2016\/11\/poster-extern.jpg\" alt=\"poster-extern\" width=\"324\" height=\"457\" srcset=\"https:\/\/www.firearms-united.com\/wp-content\/uploads\/2016\/11\/poster-extern.jpg 592w, https:\/\/www.firearms-united.com\/wp-content\/uploads\/2016\/11\/poster-extern-212x300.jpg 212w\" sizes=\"(max-width: 324px) 100vw, 324px\" \/>t will also be a point of direct contact between FIREARMS UNITED, the various associations that represent it at the national level (including Comitato Direttiva 477 for Italy) and the political forces that are evaluating and amending the proposal.<\/p>\n<p>Above words have been written by our Italian partner\u00a0Comitato Direttiva 477 in its official press release: <strong><a href=\"http:\/\/www.armietiro.it\/il-comitato-direttiva-477-sara-a-bruxelles-armi-8041\" target=\"_blank\">Link<\/a><\/strong><\/p>\n<blockquote><p>Comitato Direttiva 477, represented by President Giulio Magnani and counselor Gianfederico Rotellini, will attend Firearms United conference on November 16 in Brussels to speak about the criminal amendments proposed to Directive 91\/477 \/ EEC.<\/p><\/blockquote>\n<p>Meanwhile the registration is closed for guest, but MEPs and their staff can visit the conference.<\/p>\n<p><strong>So please write an email to your MEP and ask him or her to attend the conference &#8211; <a href=\"http:\/\/web.events.streamovations.be\/index.php\/event\/stream\/ecr-16112016\" target=\"_blank\">at least virtually.<\/a><\/strong><\/p>\n<h3 style=\"text-align: center;\">Follow live our\u00a0<a href=\"http:\/\/web.events.streamovations.be\/index.php\/event\/stream\/ecr-16112016\" target=\"_blank\">webstream <\/a>&#8211; translated in nine (!) languages &#8211;<br \/>\non Wednesday 16\/11\/16*<\/h3>\n<p><a href=\"http:\/\/web.events.streamovations.be\/index.php\/event\/stream\/ecr-16112016\" target=\"_blank\"><img decoding=\"async\" loading=\"lazy\" class=\"wp-image-1746 aligncenter\" src=\"http:\/\/firearms-united.com\/wp-content\/uploads\/2016\/11\/webstream.png\" alt=\"webstream\" width=\"549\" height=\"508\" srcset=\"https:\/\/www.firearms-united.com\/wp-content\/uploads\/2016\/11\/webstream.png 837w, https:\/\/www.firearms-united.com\/wp-content\/uploads\/2016\/11\/webstream-300x277.png 300w, https:\/\/www.firearms-united.com\/wp-content\/uploads\/2016\/11\/webstream-768x710.png 768w, https:\/\/www.firearms-united.com\/wp-content\/uploads\/2016\/11\/webstream-600x555.png 600w, https:\/\/www.firearms-united.com\/wp-content\/uploads\/2016\/11\/webstream-624x577.png 624w\" sizes=\"(max-width: 549px) 100vw, 549px\" \/><\/a><\/p>\n<h3 style=\"text-align: center;\">Alain Alexis (EC) and Vicky Ford (EP) will speak and answer our questions<\/h3>\n<h3 style=\"text-align: center;\">Visit our updated agenda: <a href=\"https:\/\/conference.firearms-united.com\/#agenda\" target=\"_blank\">Link<\/a><\/h3>\n<p><a href=\"https:\/\/conference.firearms-united.com\/#agenda\" target=\"_blank\"><img decoding=\"async\" loading=\"lazy\" class=\"aligncenter size-full wp-image-1749\" src=\"http:\/\/firearms-united.com\/wp-content\/uploads\/2016\/11\/agenda1.png\" alt=\"agenda1\" width=\"1143\" height=\"799\" srcset=\"https:\/\/www.firearms-united.com\/wp-content\/uploads\/2016\/11\/agenda1.png 1143w, https:\/\/www.firearms-united.com\/wp-content\/uploads\/2016\/11\/agenda1-300x210.png 300w, https:\/\/www.firearms-united.com\/wp-content\/uploads\/2016\/11\/agenda1-768x537.png 768w, https:\/\/www.firearms-united.com\/wp-content\/uploads\/2016\/11\/agenda1-1024x716.png 1024w, https:\/\/www.firearms-united.com\/wp-content\/uploads\/2016\/11\/agenda1-600x419.png 600w, https:\/\/www.firearms-united.com\/wp-content\/uploads\/2016\/11\/agenda1-624x436.png 624w\" sizes=\"(max-width: 1143px) 100vw, 1143px\" \/><\/a><\/p>\n<p>* As soon as possible we will also publish the link for the archived webstream &#8211; in case you missed the live streaming. We will then also publish all PPPs and speeches in our follow-up. So stay tuned and spread the truth.","protected":false},"excerpt":{"rendered":"<p>Desculpe, este conte\u00fado s\u00f3 est\u00e1 dispon\u00edvel em Ingl\u00eas (Eua). Por uma quest\u00e3o de conveni\u00eancia para o utilizador, o conte\u00fado \u00e9 mostrado abaixo no idioma alternativo. Pode clicar na liga\u00e7\u00e3o para alterar o idioma activo. The conference, due to the huge number of participants and co-organizers, promises to be the most important ever held in Brussels on the subject of gun &#8230; <a href=\"https:\/\/www.firearms-united.com\/pt\/urge-mep-visit-conference-live-virtually\/\" class=\"more-link\">Read More<\/a><\/p>\n","protected":false},"author":5,"featured_media":1747,"comment_status":"open","ping_status":"open","sticky":false,"template":"","format":"standard","meta":{"sfsi_plus_gutenberg_text_before_share":"","sfsi_plus_gutenberg_show_text_before_share":"","sfsi_plus_gutenberg_icon_type":"","sfsi_plus_gutenberg_icon_alignemt":"","sfsi_plus_gutenburg_max_per_row":""},"categories":[2],"tags":[156,155,34,41],"_links":{"self":[{"href":"https:\/\/www.firearms-united.com\/pt\/wp-json\/wp\/v2\/posts\/1744"}],"collection":[{"href":"https:\/\/www.firearms-united.com\/pt\/wp-json\/wp\/v2\/posts"}],"about":[{"href":"https:\/\/www.firearms-united.com\/pt\/wp-json\/wp\/v2\/types\/post"}],"author":[{"embeddable":true,"href":"https:\/\/www.firearms-united.com\/pt\/wp-json\/wp\/v2\/users\/5"}],"replies":[{"embeddable":true,"href":"https:\/\/www.firearms-united.com\/pt\/wp-json\/wp\/v2\/comments?post=1744"}],"version-history":[{"count":4,"href":"https:\/\/www.firearms-united.com\/pt\/wp-json\/wp\/v2\/posts\/1744\/revisions"}],"predecessor-version":[{"id":1752,"href":"https:\/\/www.firearms-united.com\/pt\/wp-json\/wp\/v2\/posts\/1744\/revisions\/1752"}],"wp:featuredmedia":[{"embeddable":true,"href":"https:\/\/www.firearms-united.com\/pt\/wp-json\/wp\/v2\/media\/1747"}],"wp:attachment":[{"href":"https:\/\/www.firearms-united.com\/pt\/wp-json\/wp\/v2\/media?parent=1744"}],"wp:term":[{"taxonomy":"category","embeddable":true,"href":"https:\/\/www.firearms-united.com\/pt\/wp-json\/wp\/v2\/categories?post=1744"},{"taxonomy":"post_tag","embeddable":true,"href":"https:\/\/www.firearms-united.com\/pt\/wp-json\/wp\/v2\/tags?post=1744"}],"curies":[{"name":"wp","href":"https:\/\/api.w.org\/{rel}","templated":true}]}}