{"id":1818,"date":"2016-11-20T16:11:35","date_gmt":"2016-11-20T15:11:35","guid":{"rendered":"http:\/\/firearms-united.com\/?p=1818"},"modified":"2016-12-02T20:40:55","modified_gmt":"2016-12-02T19:40:55","slug":"stepien","status":"publish","type":"post","link":"https:\/\/www.firearms-united.com\/pt\/stepien\/","title":{"rendered":"Tomasz W. St\u0119pie\u0144, President of Firearms United, delivered a fiery closing remark"},"content":{"rendered":"<p class=\"qtranxs-available-languages-message qtranxs-available-languages-message-pt\">Desculpe, este conte\u00fado s\u00f3 est\u00e1 dispon\u00edvel em <a href=\"https:\/\/www.firearms-united.com\/en\/wp-json\/wp\/v2\/posts\/1818\" class=\"qtranxs-available-language-link qtranxs-available-language-link-en\" title=\"English\">Ingl\u00eas (Eua)<\/a>, <a href=\"https:\/\/www.firearms-united.com\/de\/wp-json\/wp\/v2\/posts\/1818\" class=\"qtranxs-available-language-link qtranxs-available-language-link-de\" title=\"Deutsch\">Alem\u00e3o<\/a>, <a href=\"https:\/\/www.firearms-united.com\/it\/wp-json\/wp\/v2\/posts\/1818\" class=\"qtranxs-available-language-link qtranxs-available-language-link-it\" title=\"Italiano\">Italiano<\/a> e <a href=\"https:\/\/www.firearms-united.com\/es\/wp-json\/wp\/v2\/posts\/1818\" class=\"qtranxs-available-language-link qtranxs-available-language-link-es\" title=\"Espa\u00f1ol\">Espanhol Europeu<\/a>. Por uma quest\u00e3o de conveni\u00eancia para o utilizador, o conte\u00fado \u00e9 mostrado abaixo no idioma por omiss\u00e3o para este site. Pode clicar numa das liga\u00e7\u00f5es para mudar o site para outro idioma dispon\u00edvel.<\/p><strong>Firearms United president Tomasz W. St\u0119pie\u0144 had the honor to deliver the final remarks of the conference, and did so with a vengeance. His remarks were probably the most intense and vibrant speech of the day. <\/strong><\/p>\n<p>While political correctness allows gun owners to be the only part of society that can legitimately be victimized by deliberate attacks, anti-gun political leaders live in their ivory towers surrounded by armed bodyguards and plot the disarmament of their citizens.<\/p>\n<div class=\"x-resp-embed x-is-video x-is-youtube\"><iframe loading=\"lazy\" width=\"846\" height=\"476\" src=\"https:\/\/www.youtube.com\/embed\/CRppFERs-BY?feature=oembed\" frameborder=\"0\" allow=\"accelerometer; autoplay; encrypted-media; gyroscope; picture-in-picture\" allowfullscreen><\/iframe><\/div>\n<p><!--more-->Our Countries are increasingly unsafe, so much that governments must resort to the deployment of the military in our streets, but at the same time those governments listen to the voices of so-called anti-gun &#8220;experts&#8221; such as Jean-Luc Stassen \u2013 the director of the Belgian Proof House, who&#8217;s recently been arrested for falsifying destruction records for firearms that he subsequently sold on the black market.<\/p>\n<p><strong>The outcome of the conference is likely to strengthen the position of the MEPs who oppose the restrictions <\/strong><\/p>\n<p>As St\u0119pie\u0144 warned, if any restriction was passed, no matter how watered-down, the only result would be the introduction of new regulations that wouldn&#8217;t be enforceable without diverting valuable resources from the fight against illegal trafficking. The collective punishment of over two hundred million European citizens would alienate them to the point that they would support political movements that advocate for the break-up of the EU as we know it; and given how the confidence of European citizens towards the EU institutions and their national governments has been steadily falling in the past years, this is a solid probability.<\/p>\n<p>And since the European Commission is treating all those who disagree with them on the EU Gun Ban as &#8220;freaks, gun-nuts, racists, stupid, evil, backwards, anti-EU&#8221;, and what not, St\u0119pie\u0144 wished to remind the EC that calling the opponents names is exactly what costed Hillary Clinton the U.S. Presidential race; only toning down insults and avoiding any restriction will avoid the &#8220;Trump effect&#8221; in Europe.<\/p>\n<p>Read more from our partner GUNSweek :\u00a0<a href=\"http:\/\/www.gunsweek.com\/en\/events\/articles\/gun-rights-conference-european-parliament\">Gun rights conference at the European Parliament<\/a><\/p>\n<p>Read: <a href=\"http:\/\/www.gunsweek.com\/sites\/default\/files\/archive\/events\/articles\/firearms-united-conference-brussels\/EU_Firearms_Directive_-_Firearms_United_remarks.pdf\">Firearms Directive &#8211; Firearms United remarks \/ by Tomasz St\u0119pie\u0144<\/a><\/p>\n<p>Short summary of FIREARMS UNITED&#8217;s impact assessment: <a class=\" yt-uix-servicelink \" href=\"http:\/\/bit.ly\/2fIAFru\" data-servicelink=\"CAYQtnUiEwjGw9LMy7fQAhWG7hwKHd46Bz8\" data-url=\"http:\/\/bit.ly\/2fIAFru\">http:\/\/bit.ly\/2fIAFru<\/a><\/p>\n<p>Long version: <a class=\" yt-uix-servicelink \" href=\"http:\/\/bit.ly\/2fzOESO\" data-servicelink=\"CAYQtnUiEwjGw9LMy7fQAhWG7hwKHd46Bz8\" data-url=\"http:\/\/bit.ly\/2fzOESO\">http:\/\/bit.ly\/2fzOESO<\/a><\/p>\n<p>PPP of impact assessment: <a class=\" yt-uix-servicelink \" href=\"http:\/\/bit.ly\/2f3O4Jh\" data-servicelink=\"CAYQtnUiEwjGw9LMy7fQAhWG7hwKHd46Bz8\" data-url=\"http:\/\/bit.ly\/2f3O4Jh\">http:\/\/bit.ly\/2f3O4Jh<\/a>","protected":false},"excerpt":{"rendered":"<p>Desculpe, este conte\u00fado s\u00f3 est\u00e1 dispon\u00edvel em Ingl\u00eas (Eua). Por uma quest\u00e3o de conveni\u00eancia para o utilizador, o conte\u00fado \u00e9 mostrado abaixo no idioma alternativo. Pode clicar na liga\u00e7\u00e3o para alterar o idioma activo.Firearms United president Tomasz W. St\u0119pie\u0144 had the honor to deliver the final remarks of the conference, and did so with a vengeance. His remarks were probably &#8230; <a href=\"https:\/\/www.firearms-united.com\/pt\/stepien\/\" class=\"more-link\">Read More<\/a><\/p>\n","protected":false},"author":5,"featured_media":1823,"comment_status":"open","ping_status":"open","sticky":false,"template":"","format":"standard","meta":{"sfsi_plus_gutenberg_text_before_share":"","sfsi_plus_gutenberg_show_text_before_share":"","sfsi_plus_gutenberg_icon_type":"","sfsi_plus_gutenberg_icon_alignemt":"","sfsi_plus_gutenburg_max_per_row":""},"categories":[11],"tags":[120,40,162,163],"_links":{"self":[{"href":"https:\/\/www.firearms-united.com\/pt\/wp-json\/wp\/v2\/posts\/1818"}],"collection":[{"href":"https:\/\/www.firearms-united.com\/pt\/wp-json\/wp\/v2\/posts"}],"about":[{"href":"https:\/\/www.firearms-united.com\/pt\/wp-json\/wp\/v2\/types\/post"}],"author":[{"embeddable":true,"href":"https:\/\/www.firearms-united.com\/pt\/wp-json\/wp\/v2\/users\/5"}],"replies":[{"embeddable":true,"href":"https:\/\/www.firearms-united.com\/pt\/wp-json\/wp\/v2\/comments?post=1818"}],"version-history":[{"count":9,"href":"https:\/\/www.firearms-united.com\/pt\/wp-json\/wp\/v2\/posts\/1818\/revisions"}],"predecessor-version":[{"id":1854,"href":"https:\/\/www.firearms-united.com\/pt\/wp-json\/wp\/v2\/posts\/1818\/revisions\/1854"}],"wp:featuredmedia":[{"embeddable":true,"href":"https:\/\/www.firearms-united.com\/pt\/wp-json\/wp\/v2\/media\/1823"}],"wp:attachment":[{"href":"https:\/\/www.firearms-united.com\/pt\/wp-json\/wp\/v2\/media?parent=1818"}],"wp:term":[{"taxonomy":"category","embeddable":true,"href":"https:\/\/www.firearms-united.com\/pt\/wp-json\/wp\/v2\/categories?post=1818"},{"taxonomy":"post_tag","embeddable":true,"href":"https:\/\/www.firearms-united.com\/pt\/wp-json\/wp\/v2\/tags?post=1818"}],"curies":[{"name":"wp","href":"https:\/\/api.w.org\/{rel}","templated":true}]}}