{"id":1868,"date":"2016-11-25T11:51:01","date_gmt":"2016-11-25T10:51:01","guid":{"rendered":"http:\/\/firearms-united.com\/?p=1868"},"modified":"2016-11-26T08:24:06","modified_gmt":"2016-11-26T07:24:06","slug":"write-call-meps-now","status":"publish","type":"post","link":"https:\/\/www.firearms-united.com\/pt\/write-call-meps-now\/","title":{"rendered":"Um apelo \u00e0 ac\u00e7\u00e3o urgente: Escreva aos seus eurodeputados ou d\u00ea-lhes uma chamada agora!"},"content":{"rendered":"Estimados seguidores,<\/p>\n<p>A rede da Firearms United recebeu nas \u00faltimas horas informa\u00e7\u00e3o importante e preocupante, segundo \u00e0 nossa informa\u00e7\u00e3o, a comiss\u00e3o vai pressionar o parlamento para aceitar a sua proposta de proibi\u00e7\u00e3o, para que seja conclu\u00edda antes do fim do ano. e infelizmente&#8230;..<\/p>\n<div class=\"text_exposed_show\">\n<p>A proposta ser\u00e1 submetida ao comit\u00ea IMCO do parlamento europeu na pr\u00f3xima reuni\u00e3o na pr\u00f3xima ter\u00e7a-feira 29 de Novembro.<\/p>\n<p>A posi\u00e7\u00e3o do conselho n\u00e3o inclui a proibi\u00e7\u00e3o da B7, mas inclui<\/p>\n<ul>\n<li>Proibi\u00e7\u00e3o armas de fogo (aquelas semiautom\u00e1ticas que foram convertidas de armas de fogo autom\u00e1ticas)<\/li>\n<li>Limita\u00e7\u00e3o at\u00e9 20 balas de muni\u00e7\u00e3o<\/li>\n<li>Limita\u00e7\u00e3o at\u00e9 5 anos da dura\u00e7\u00e3o de licen\u00e7as de armas<\/li>\n<li>Exames psiqui\u00e1tricos obrigat\u00f3rios<\/li>\n<\/ul>\n<h2>Claro, tudo isso tem de ser parado<\/h2>\n<p>A raz\u00e3o porqu\u00ea a comiss\u00e3o quer concluir a proposta antes do fim do ano e que tem medo de n\u00f3s, e a comiss\u00e3o tem medo porque h\u00e1 um ano \u00e9ramos nada e agora somos um enorme l\u00f3bi das armas. Por causa do seu comportamento agora a comiss\u00e3o e a Uni\u00e3o Europeia j\u00e1 contribu\u00edram \u00e0 nossa organiza\u00e7\u00e3o e n\u00e3o vamos a desaparecer!<\/p>\n<p>Ser\u00edamos as pessoas mais felizes do mundo se a comiss\u00e3o acabasse com o tr\u00edlogo na amanh\u00e3 e o assunto em geral, e estamos aqui para ajudar a comiss\u00e3o a acabar com a proposta,<\/p>\n<p>Apenas nestas condi\u00e7\u00f5es:<\/p>\n<p>Nenhuma restri\u00e7\u00e3o da B7<br \/>\nNenhuma restri\u00e7\u00e3o de armas de fogo convertidas<br \/>\nNenhuma restri\u00e7\u00e3o de carregadores<br \/>\nNenhuma interfer\u00eancia ao n\u00edvel europeu do tempo de expira\u00e7\u00e3o de licen\u00e7as<br \/>\nNenhuma interfer\u00eancia ao n\u00edvel europeu para os exames psiqui\u00e1tricos e nenhuma interfer\u00eancia para a renova\u00e7\u00e3o de uso e porte de arma.<\/p>\n<p><img decoding=\"async\" loading=\"lazy\" class=\"aligncenter size-full wp-image-1888\" src=\"http:\/\/firearms-united.com\/wp-content\/uploads\/2016\/11\/PT-meme.jpg\" alt=\"pt-meme\" width=\"1024\" height=\"672\" srcset=\"https:\/\/www.firearms-united.com\/wp-content\/uploads\/2016\/11\/PT-meme.jpg 1024w, https:\/\/www.firearms-united.com\/wp-content\/uploads\/2016\/11\/PT-meme-300x197.jpg 300w, https:\/\/www.firearms-united.com\/wp-content\/uploads\/2016\/11\/PT-meme-768x504.jpg 768w, https:\/\/www.firearms-united.com\/wp-content\/uploads\/2016\/11\/PT-meme-600x394.jpg 600w, https:\/\/www.firearms-united.com\/wp-content\/uploads\/2016\/11\/PT-meme-624x410.jpg 624w\" sizes=\"(max-width: 1024px) 100vw, 1024px\" \/><\/p>\n<h2><a href=\"http:\/\/firearms-united.com\/wp-content\/uploads\/2016\/11\/PT-Aspectos_Nov2016.pdf\">ASPECTOS PARA CONSIDERAR<\/a><\/h2>\n<p>Campanha de envio de cartas\/e-mail ao Parlamento Europeu em rela\u00e7\u00e3o aos aspectos mais rid\u00edculos da directiva de armas de fogo da Comiss\u00e3o da Uni\u00e3o Europeia, 2016<\/p>\n<h3>1) Armas de fogo de convers\u00e3o (modo autom\u00e1tico para semiautom\u00e1tico) \/ reactiva\u00e7\u00e3o<\/h3>\n<p>As condi\u00e7\u00f5es que j\u00e1 est\u00e3o a ser usados hoje em dia, asseguram que seja muito dif\u00edcil re-converter\u00a0as armas de fogo semiautom\u00e1ticas para o modo autom\u00e1tico. Segundo ao comiss\u00e1rio Alain Alexis\u00a0\u201ca maioria das semiautom\u00e1ticas convertidas s\u00e3o do surplus militar do Israel\u201d. Por isso, porqu\u00ea n\u00e3o\u00a0acaba com as importa\u00e7\u00f5es destas armas de fogo?<\/p>\n<h3>2) A Mudan\u00e7a da categoria de arma de fogo baseada no carregador.<\/h3>\n<p>Esta proposta \u00e9 rid\u00edcula \u2013 \u00e9 como se fosse necess\u00e1rio voc\u00ea teria de mudar o seu registo do carro\u00a0porque mudou as rodas de ver\u00e3o para aquelas de inverno. A \u201cisen\u00e7\u00e3o para os atiradores e os\u00a0coleccionadores\u201d que foi proposta n\u00e3o tem sentido, a maioria clara dos propriet\u00e1rios legais de\u00a0armas de fogo ficam nestas duas categorias. Porqu\u00ea introduzir qualquer lei para isentar 95% da\u00a0parte afetada da popula\u00e7\u00e3o?<\/p>\n<h3>3) Limita\u00e7\u00f5es na capacidade de carregadores<\/h3>\n<p>A capacidade de \u201ccarregadores de alta capacidade\u201d em uso no momento n\u00e3o \u00e9 completamente<br \/>\nconhecida porque nunca t\u00eam sido rastreadas\/marcadas (devido \u00e0s partes permut\u00e1veis, o ch\u00e3o, a\u00a0mola e etcetera). Quais seriam as condi\u00e7\u00f5es de convers\u00e3o tamb\u00e9m? O que aconetecer\u00e1 a um<br \/>\ncarregador se conter 21 balas em vez de 20 balas por causa de uma mola partida? Ademais, as<br \/>\nmedidas draconianas que foram propostas pela Comiss\u00e3o Europeia (por exemplo, VOC\u00ca PERDER\u00c1\u00a0A SUA LICEN\u00c7A DE ARMAS DE FOGO se possuir um carregador com uma capacidade de 30 balas de\u00a0muni\u00e7\u00e3o) s\u00e3o rid\u00edculas. Carregadores de qualquer tipo n\u00e3o desgastam-se com o tempo e podem\u00a0ser impressas facilmente pelas impressoras de 3D (incluindo as molas).<\/p>\n<h3>4) Exames m\u00e9dicos e psiqui\u00e1tricos obrigat\u00f3rios (repetidos) dos propriet\u00e1rios legais de armas de fogo<\/h3>\n<p>N\u00e3o existe nenhuma raz\u00e3o para for\u00e7ar inspec\u00e7\u00f5es m\u00e9dicas e psiqui\u00e1tricas nos propriet\u00e1rios legais\u00a0de armas de fogo que s\u00e3o respetuosos da lei, as quais s\u00e3o extremas e discriminat\u00f3rias &#8211;<br \/>\nsancionadas pelo estado. Na realidade ningu\u00e9m pediu que os condutores tivessem inspec\u00e7\u00f5es<br \/>\nm\u00e9dicas depois do massacre de Nice, ou exames para os propriet\u00e1rios de machados\/catanas<br \/>\ndepois dos ataques na Alemanha.<\/p>\n<h3>5) A sa\u00edda da Su\u00ed\u00e7a da zona Schengen<\/h3>\n<p>Os su\u00ed\u00e7os (Um pa\u00eds com a densidade mais alta na Europa, h\u00e1 pelo menos uma espingarda<br \/>\n(autom\u00e1tica) por cada fam\u00edlia), j\u00e1 disseram claramente que N\u00c3O ACEITAR\u00c3O MAIS RESTRI\u00c7\u00d5ES &#8211; e\u00a0est\u00e3o a pensar ter um referendo para sa\u00edrem da zona Schengen para que estejam n\u00e3o afetadas\u00a0por qualquer parte da directiva da Comiss\u00e3o da Uni\u00e3o Europeia. Eles tem uma das taxas mais\u00a0diminu\u00eddas de homic\u00eddio na Europa.<\/p>\n<h3>6) O ponto de vista distorcido da realidade e o futuro comportamento na vota\u00e7\u00e3o da Comiss\u00e3o Europeia da Uni\u00e3o Europeia<\/h3>\n<p>A Comiss\u00e3o Europeia NUNCA tem demonstrado QUALQUER CORRELA\u00c7\u00c3O entre a criminalidade\/o\u00a0terrorismo e os propriet\u00e1rios legais de armas de fogo. Porque n\u00e3o existe uma correla\u00e7\u00e3o. A\u00a0maioria das armas de fogo autom\u00e1ticas proibidas s\u00e3o traficadas dos Balc\u00e3s, este facto foi\u00a0comprovado por uma esta\u00e7\u00e3o televisiva francesa h\u00e1 alguns anos. Sem d\u00favida alguma, os votantes\u00a0lembrar\u00e3o os protectores dos seus direitos na pr\u00f3xima vez quando estiverem nas suas cabines de\u00a0vota\u00e7\u00e3o. Se esta directiva fosse introduzida em qualquer maneira, os eleitores afetados iriam\u00a0apoiar os partidos pol\u00edticos euroc\u00e9pticos por conta da frustra\u00e7\u00e3o com rela\u00e7\u00e3o ao resultado &#8211; UM\u00a0EFEITO TRUMP EUROPEU \u00e9 uma forte possibilidade!<\/p>\n<p>Emails: <a href=\"http:\/\/firearms-united.com\/wp-content\/uploads\/2016\/11\/MEP_E-Mails.xlsx\"><strong>Link (xls)<\/strong><\/a><\/p>\n<\/div>","protected":false},"excerpt":{"rendered":"<p>Desculpe, este conte\u00fado s\u00f3 est\u00e1 dispon\u00edvel em Ingl\u00eas (Eua). Por uma quest\u00e3o de conveni\u00eancia para o utilizador, o conte\u00fado \u00e9 mostrado abaixo no idioma alternativo. Pode clicar na liga\u00e7\u00e3o para alterar o idioma activo.PLEASE SHARE AND ACT:\u00a0EU COMMISSION WILL ENABLE ORIGINAL EUGUNBAN PROPOSAL Perhaps it is due to our facts which we presented last Wednesday in Brussels and which were &#8230; <a href=\"https:\/\/www.firearms-united.com\/pt\/write-call-meps-now\/\" class=\"more-link\">Read More<\/a><\/p>\n","protected":false},"author":5,"featured_media":1870,"comment_status":"open","ping_status":"open","sticky":false,"template":"","format":"standard","meta":{"sfsi_plus_gutenberg_text_before_share":"","sfsi_plus_gutenberg_show_text_before_share":"","sfsi_plus_gutenberg_icon_type":"","sfsi_plus_gutenberg_icon_alignemt":"","sfsi_plus_gutenburg_max_per_row":""},"categories":[2],"tags":[120,40,71],"_links":{"self":[{"href":"https:\/\/www.firearms-united.com\/pt\/wp-json\/wp\/v2\/posts\/1868"}],"collection":[{"href":"https:\/\/www.firearms-united.com\/pt\/wp-json\/wp\/v2\/posts"}],"about":[{"href":"https:\/\/www.firearms-united.com\/pt\/wp-json\/wp\/v2\/types\/post"}],"author":[{"embeddable":true,"href":"https:\/\/www.firearms-united.com\/pt\/wp-json\/wp\/v2\/users\/5"}],"replies":[{"embeddable":true,"href":"https:\/\/www.firearms-united.com\/pt\/wp-json\/wp\/v2\/comments?post=1868"}],"version-history":[{"count":13,"href":"https:\/\/www.firearms-united.com\/pt\/wp-json\/wp\/v2\/posts\/1868\/revisions"}],"predecessor-version":[{"id":1894,"href":"https:\/\/www.firearms-united.com\/pt\/wp-json\/wp\/v2\/posts\/1868\/revisions\/1894"}],"wp:featuredmedia":[{"embeddable":true,"href":"https:\/\/www.firearms-united.com\/pt\/wp-json\/wp\/v2\/media\/1870"}],"wp:attachment":[{"href":"https:\/\/www.firearms-united.com\/pt\/wp-json\/wp\/v2\/media?parent=1868"}],"wp:term":[{"taxonomy":"category","embeddable":true,"href":"https:\/\/www.firearms-united.com\/pt\/wp-json\/wp\/v2\/categories?post=1868"},{"taxonomy":"post_tag","embeddable":true,"href":"https:\/\/www.firearms-united.com\/pt\/wp-json\/wp\/v2\/tags?post=1868"}],"curies":[{"name":"wp","href":"https:\/\/api.w.org\/{rel}","templated":true}]}}