{"id":2093,"date":"2016-12-25T09:13:18","date_gmt":"2016-12-25T08:13:18","guid":{"rendered":"http:\/\/firearms-united.com\/?p=2093"},"modified":"2017-01-04T07:00:48","modified_gmt":"2017-01-04T06:00:48","slug":"07012016-firearms-directive-conference-malta","status":"publish","type":"post","link":"https:\/\/www.firearms-united.com\/pt\/07012016-firearms-directive-conference-malta\/","title":{"rendered":"07\/01\/2016 &#8211; Firearms Directive Conference in Malta"},"content":{"rendered":"<p class=\"qtranxs-available-languages-message qtranxs-available-languages-message-pt\">Desculpe, este conte\u00fado s\u00f3 est\u00e1 dispon\u00edvel em <a href=\"https:\/\/www.firearms-united.com\/en\/wp-json\/wp\/v2\/posts\/2093\" class=\"qtranxs-available-language-link qtranxs-available-language-link-en\" title=\"English\">Ingl\u00eas (Eua)<\/a> e <a href=\"https:\/\/www.firearms-united.com\/fr\/wp-json\/wp\/v2\/posts\/2093\" class=\"qtranxs-available-language-link qtranxs-available-language-link-fr\" title=\"Fran\u00e7ais\">Franc\u00eas<\/a>. Por uma quest\u00e3o de conveni\u00eancia para o utilizador, o conte\u00fado \u00e9 mostrado abaixo no idioma por omiss\u00e3o para este site. Pode clicar numa das liga\u00e7\u00f5es para mudar o site para outro idioma dispon\u00edvel.<\/p><strong>Second conference on the impact of the EU Firearms Directive revision \u2013 Grand Hotel Excelsior, Floriana, Malta on Saturday 7th January at 2:00pm<\/strong><\/p>\n<p>The conference is being organised by AACTS and AMACS in collaboration with FIREARMS UNITED. Speakers from the three organisations, FESAC, FACE and IPSC as well as the Minister for Home Affairs of Malta will report on progress in the fight against the contentious EU Commission proposal that punishes legal firearm owners rather than tackling illicit trafficking of arms. The keynote speaker is the Minister for Home Affairs of Malta, which country will hold the next \u00a0P<span data-ft=\"{&quot;tn&quot;:&quot;K&quot;}\"><span class=\"UFICommentBody\">residency of the Council of the EU from January to July 2017.\u00a0<\/span><\/span><\/p>\n<p>Read more and register here:\u00a0<a href=\"https:\/\/conference.firearms-united.com\/\"><strong>https:\/\/conference.firearms-united.com\/<\/strong><\/a>","protected":false},"excerpt":{"rendered":"<p>Desculpe, este conte\u00fado s\u00f3 est\u00e1 dispon\u00edvel em Ingl\u00eas (Eua) e Franc\u00eas. Por uma quest\u00e3o de conveni\u00eancia para o utilizador, o conte\u00fado \u00e9 mostrado abaixo no idioma por omiss\u00e3o para este site. Pode clicar numa das liga\u00e7\u00f5es para mudar o site para outro idioma dispon\u00edvel.Second conference on the impact of the EU Firearms Directive revision \u2013 Grand Hotel Excelsior, Floriana, Malta &#8230; <a href=\"https:\/\/www.firearms-united.com\/pt\/07012016-firearms-directive-conference-malta\/\" class=\"more-link\">Read More<\/a><\/p>\n","protected":false},"author":5,"featured_media":2094,"comment_status":"open","ping_status":"open","sticky":false,"template":"","format":"standard","meta":{"sfsi_plus_gutenberg_text_before_share":"","sfsi_plus_gutenberg_show_text_before_share":"","sfsi_plus_gutenberg_icon_type":"","sfsi_plus_gutenberg_icon_alignemt":"","sfsi_plus_gutenburg_max_per_row":""},"categories":[2],"tags":[120,155,184],"_links":{"self":[{"href":"https:\/\/www.firearms-united.com\/pt\/wp-json\/wp\/v2\/posts\/2093"}],"collection":[{"href":"https:\/\/www.firearms-united.com\/pt\/wp-json\/wp\/v2\/posts"}],"about":[{"href":"https:\/\/www.firearms-united.com\/pt\/wp-json\/wp\/v2\/types\/post"}],"author":[{"embeddable":true,"href":"https:\/\/www.firearms-united.com\/pt\/wp-json\/wp\/v2\/users\/5"}],"replies":[{"embeddable":true,"href":"https:\/\/www.firearms-united.com\/pt\/wp-json\/wp\/v2\/comments?post=2093"}],"version-history":[{"count":3,"href":"https:\/\/www.firearms-united.com\/pt\/wp-json\/wp\/v2\/posts\/2093\/revisions"}],"predecessor-version":[{"id":2174,"href":"https:\/\/www.firearms-united.com\/pt\/wp-json\/wp\/v2\/posts\/2093\/revisions\/2174"}],"wp:featuredmedia":[{"embeddable":true,"href":"https:\/\/www.firearms-united.com\/pt\/wp-json\/wp\/v2\/media\/2094"}],"wp:attachment":[{"href":"https:\/\/www.firearms-united.com\/pt\/wp-json\/wp\/v2\/media?parent=2093"}],"wp:term":[{"taxonomy":"category","embeddable":true,"href":"https:\/\/www.firearms-united.com\/pt\/wp-json\/wp\/v2\/categories?post=2093"},{"taxonomy":"post_tag","embeddable":true,"href":"https:\/\/www.firearms-united.com\/pt\/wp-json\/wp\/v2\/tags?post=2093"}],"curies":[{"name":"wp","href":"https:\/\/api.w.org\/{rel}","templated":true}]}}