{"id":1758,"date":"2016-11-19T17:10:04","date_gmt":"2016-11-19T16:10:04","guid":{"rendered":"http:\/\/firearms-united.com\/?p=1758"},"modified":"2019-10-12T19:27:27","modified_gmt":"2019-10-12T17:27:27","slug":"ar15-ak47-ban","status":"publish","type":"post","link":"https:\/\/www.firearms-united.com\/ro\/ar15-ak47-ban\/","title":{"rendered":"Noua tentativ\u0103 din partea Comisiei UE de a interzice \u00een mod specific armele de tip AK47 \u0219i AR15 precum si derivatele din familia acestora"},"content":{"rendered":"Pisica a iesit din traista acum&#8230;.<\/p>\n<p>Noua tentativa (16.11.2016!) a comisiei EU de a interzice in special :<\/p>\n<p>&#8211; Armele in varianta civila din familia AR-15 precum si derivatele din acestea.<br \/>\n&#8211; Armele in varianta civila din familia AK-47, precum si derivatele din acestea.<br \/>\n&#8211; Toate magaziile detasabile de peste 10 gloante ( deasemenea pentru armele scurte, armele cu repetitie si cele cu percutie pe rama).<br \/>\n&#8211; Reguli aspre pentru magazii si arme semi-automate.<br \/>\n&#8211; Evaluari drastice pentru exceptii<br \/>\n&#8211; Decizii imediate in privinta interdictiilor , deoarece cetatenii UE, au nevoie de mai multa protectie.<\/p>\n<p>Din documentul provenind de la comisia UE, 16 noiembrie 2016, publicat pe site-ul Parlamentului Austriac:<\/p>\n<p>&nbsp;<\/p>\n<p>Cititi argumentele noastre impotriva interdictiilor privitoare la magazii.<br \/>\nV\u0103 rug\u0103m s\u0103 transmiteti la toate asocia\u021biile europene de arme de foc, \u0219i, dac\u0103 este posibil, traduceti con\u021binutul \u00een alte limbi. Transmiteti-le la colegii \u0219i prietenii.<\/p>\n<p>Textul original:<\/p>\n<blockquote><p>\u00cen urma a dou\u0103 reuniuni tripartite, co-legislatorii nu au fost \u00eenc\u0103 \u00een m\u0103sur\u0103 s\u0103 fie de acord cu privire la revizuirea Directivei privind armele de foc. Aceste negocieri trebuiesc deblocate pentru a lua armele militare de asalt de pe str\u0103zi, inclusiv cele transformate in semi-automate. Pozi\u021bia Comisiei este clar\u0103, c\u0103 armele de asalt semi-automate derivate din &#8222;AK 47 familia Kala\u0219nikov&#8221; \u0219i &#8222;AR 15 &#8221; ar trebui s\u0103 fie interzise pentru uz civil, dat fiind c\u0103 acestea au fost concepute pentru utilizare militar\u0103. M\u0103rimea magaziilor pentru armele de foc scurte \u0219i lungi ar trebui s\u0103 fie limitat\u0103 la 10 gloante \u0219i ar trebui s\u0103 fie supuse unor controale stricte de autorizare , iar orice derogare ar trebui s\u0103 fie strict limitat\u0103 \u0219i strict controlat\u0103. Cet\u0103\u021benii UE se a\u0219teapt\u0103 la progrese rapide \u00een acest domeniu pentru a li se asigura protec\u021bia , a\u0219a c\u0103 trebuie s\u0103 se ajung\u0103 la un acord \u00eenainte de sf\u00e2r\u0219itul anului 2016 pe aceast\u0103 pies\u0103-cheie a legisla\u021biei. \u00cen paralel, Comisia va lansa un nou demers pentru a reprima comer\u021bul cu arme de foc ilegal, inclusiv la Conferin\u021ba mini\u0219trilor de afaceri interne si justitie din Balcanii de Est al UE&#8221;, din 15-16 decembrie.<\/p>\n<p>Se pare c\u0103 au inceput presiunile, iar comisia are parte de publicitate negativa si se plange de &#8222;intarzierile&#8221; directivei privitoare la armele de foc. Cu toate acestea, comisia nu se poate invinovatii decat pe ea, datorita draftului de propunere prost intocmit, pentru care nu au putut pana la ora actuala sa aduca o justificare.<\/p><\/blockquote>\n<p>Fotografia prin amabilitatea lui Oleg Volk.","protected":false},"excerpt":{"rendered":"<p>Din p\u0103cate acest articol este disponibil doar \u00een Englez\u0103 American\u0103. For the sake of viewer convenience, the content is shown below in the alternative language. You may click the link to switch the active language.The cat is out of the bag now&#8230; New attempt (16.11.2016!) by the EU commission to ban specifically: Civilian firearms of &#8222;AR 15 family&#8221;, also derivates &#8230; <a href=\"https:\/\/www.firearms-united.com\/ro\/ar15-ak47-ban\/\" class=\"more-link\">Read More<\/a><\/p>\n","protected":false},"author":1985,"featured_media":1759,"comment_status":"open","ping_status":"open","sticky":false,"template":"","format":"standard","meta":{"sfsi_plus_gutenberg_text_before_share":"","sfsi_plus_gutenberg_show_text_before_share":"","sfsi_plus_gutenberg_icon_type":"","sfsi_plus_gutenberg_icon_alignemt":"","sfsi_plus_gutenburg_max_per_row":""},"categories":[11],"tags":[57,97,40,93,34,62,139],"_links":{"self":[{"href":"https:\/\/www.firearms-united.com\/ro\/wp-json\/wp\/v2\/posts\/1758"}],"collection":[{"href":"https:\/\/www.firearms-united.com\/ro\/wp-json\/wp\/v2\/posts"}],"about":[{"href":"https:\/\/www.firearms-united.com\/ro\/wp-json\/wp\/v2\/types\/post"}],"author":[{"embeddable":true,"href":"https:\/\/www.firearms-united.com\/ro\/wp-json\/wp\/v2\/users\/1985"}],"replies":[{"embeddable":true,"href":"https:\/\/www.firearms-united.com\/ro\/wp-json\/wp\/v2\/comments?post=1758"}],"version-history":[{"count":18,"href":"https:\/\/www.firearms-united.com\/ro\/wp-json\/wp\/v2\/posts\/1758\/revisions"}],"predecessor-version":[{"id":3196,"href":"https:\/\/www.firearms-united.com\/ro\/wp-json\/wp\/v2\/posts\/1758\/revisions\/3196"}],"wp:featuredmedia":[{"embeddable":true,"href":"https:\/\/www.firearms-united.com\/ro\/wp-json\/wp\/v2\/media\/1759"}],"wp:attachment":[{"href":"https:\/\/www.firearms-united.com\/ro\/wp-json\/wp\/v2\/media?parent=1758"}],"wp:term":[{"taxonomy":"category","embeddable":true,"href":"https:\/\/www.firearms-united.com\/ro\/wp-json\/wp\/v2\/categories?post=1758"},{"taxonomy":"post_tag","embeddable":true,"href":"https:\/\/www.firearms-united.com\/ro\/wp-json\/wp\/v2\/tags?post=1758"}],"curies":[{"name":"wp","href":"https:\/\/api.w.org\/{rel}","templated":true}]}}